{"id":1081,"date":"2022-12-28T17:58:00","date_gmt":"2022-12-28T22:58:00","guid":{"rendered":"https:\/\/www.sedarauca.edu.co\/?p=1081"},"modified":"2022-12-29T23:14:43","modified_gmt":"2022-12-30T04:14:43","slug":"estan-abiertas-las-matriculas-para-el-2023-hay-68-mil-cupos-habilitados-en-todo-el-departamento","status":"publish","type":"post","link":"https:\/\/www.sedarauca.edu.co\/index.php\/2022\/12\/28\/estan-abiertas-las-matriculas-para-el-2023-hay-68-mil-cupos-habilitados-en-todo-el-departamento\/","title":{"rendered":"<strong>Est\u00e1n abiertas las matr\u00edculas para el 2023, hay 68 mil cupos habilitados en todo el Departamento<\/strong>"},"content":{"rendered":"<p>[et_pb_section fb_built=\u00bb1&#8243; _builder_version=\u00bb4.19.4&#8243; _module_preset=\u00bbdefault\u00bb hover_enabled=\u00bb0&#8243; global_colors_info=\u00bb{}\u00bb custom_margin=\u00bb-86px||0px||false|false\u00bb sticky_enabled=\u00bb0&#8243;][et_pb_row _builder_version=\u00bb4.19.4&#8243; _module_preset=\u00bbdefault\u00bb global_colors_info=\u00bb{}\u00bb][et_pb_column type=\u00bb4_4&#8243; _builder_version=\u00bb4.19.4&#8243; _module_preset=\u00bbdefault\u00bb global_colors_info=\u00bb{}\u00bb][et_pb_text _builder_version=\u00bb4.19.4&#8243; _module_preset=\u00bbdefault\u00bb global_colors_info=\u00bb{}\u00bb]<\/p>\n<p style=\"text-align: center;\"><i><span lang=\"ES-MX\" class=\"x_ContentPasted0\">Que todos los ni\u00f1os vayan al cole en el nuevo a\u00f1o, es el objetivo de la Gobernaci\u00f3n de Arauca, a trav\u00e9s de la Secretar\u00eda de Educaci\u00f3n, por eso se encuentra habilitado el proceso de matr\u00edcula para estudiantes nuevos y antiguos en todos los establecimientos oficiales del Departamento.\u00a0<\/span><\/i><\/p>\n<p>[\/et_pb_text][\/et_pb_column][\/et_pb_row][et_pb_row _builder_version=\u00bb4.19.4&#8243; _module_preset=\u00bbdefault\u00bb global_colors_info=\u00bb{}\u00bb][et_pb_column type=\u00bb4_4&#8243; _builder_version=\u00bb4.19.4&#8243; _module_preset=\u00bbdefault\u00bb global_colors_info=\u00bb{}\u00bb][et_pb_text _builder_version=\u00bb4.19.4&#8243; _module_preset=\u00bbdefault\u00bb global_colors_info=\u00bb{}\u00bb]<\/p>\n<p class=\"x_FluidPluginCopy\" style=\"text-align: justify;\"><b><span lang=\"ES-MX\" class=\"x_ContentPasted0\">Arauca, 28 de diciembre de 2022<\/span><\/b><span lang=\"ES-MX\" class=\"x_ContentPasted0\">.<span class=\"x_ContentPasted0\">\u00a0<span>\u00a0<\/span><\/span>Con el prop\u00f3sito de garantizar el derecho a la educaci\u00f3n a m\u00e1s de 60 mil ni\u00f1os, ni\u00f1as y adolescentes araucanos, y brindarles m\u00e1s oportunidades para seguir construyendo su futuro, el Ministerio de Educaci\u00f3n Nacional en articulaci\u00f3n con la Secretar\u00eda de Educaci\u00f3n de Arauca, promueven el proceso de matr\u00edcula para el a\u00f1o 2023 en todos los establecimientos educativos oficiales del Departamento.<b>\u00a0<\/b><\/span><\/p>\n<p class=\"x_FluidPluginCopy\" style=\"text-align: justify;\"><span lang=\"ES\" class=\"x_ContentPasted0\">Con la campa\u00f1a \u2018Construyendo futuro con educaci\u00f3n\u2019 se busca que ning\u00fan ni\u00f1o o joven se quede por fuera del sistema educativo y acceda a los beneficios que otorga el gobierno a trav\u00e9s de la gratuidad educativa universal en los colegios p\u00fablicos de todo el territorio e ingresen a la educaci\u00f3n preescolar, primaria, secundaria o media. \u00a0<\/span><span lang=\"ES\" class=\"x_ContentPasted0\"><\/span><\/p>\n<p class=\"x_FluidPluginCopy\" style=\"text-align: justify;\"><span lang=\"ES\" class=\"x_ContentPasted0\">Para realizar el proceso de matr\u00edcula, que es gratuito, el padre de familia o acudiente del estudiante deber\u00e1 contactar a la instituci\u00f3n educativa m\u00e1s cercana a su lugar de residencia, solicitar el cupo y hacer entrega de los documentos requeridos para la inscripci\u00f3n. La asignaci\u00f3n del cupo se har\u00e1 de acuerdo con la disponibilidad que haya en cada instituci\u00f3n.<\/span><\/p>\n<p class=\"x_FluidPluginCopy\" style=\"text-align: justify;\"><span lang=\"ES\" class=\"x_ContentPasted0\">Para el pr\u00f3ximo a\u00f1o hay una oferta total de 68.131 cupos en las instituciones educativas p\u00fablicas, por lo que se busca que todos los ni\u00f1os, ni\u00f1as y adolescentes sean matriculados sin excepci\u00f3n alguna. Por tal raz\u00f3n, se invita a la comunidad araucana a unirse a esta campa\u00f1a, motivando a padres de familia y\/o a aquellos menores que no asisten al colegio, para que lo hagan, y de esa forma construyan un futuro mejor para ellos y sus familias. <\/span><span style=\"font-size: 14px; text-align: left;\">\u00a0<\/span><\/p>\n<p class=\"x_FluidPluginCopy\" style=\"text-align: justify;\"><span lang=\"ES\" class=\"x_ContentPasted0\">\u201cLos padres de familia son los primeros llamados a garantizar el acceso a la educaci\u00f3n a sus hijos, teniendo en cuenta que la educaci\u00f3n es el camino para transformar el presente de nuestros ni\u00f1os y ni\u00f1as, para desarrollar todas sus capacidades y habilidades y por ende ofrecerles la oportunidad de construir su futuro y hacer realidad sus sue\u00f1os\u201d manifest\u00f3 Marceliano Alvarado Guerrero, secretario de Educaci\u00f3n Departamental. \u00a0<\/span><span lang=\"ES\" class=\"x_ContentPasted0\"><\/span><\/p>\n<p class=\"x_FluidPluginCopy\" style=\"text-align: justify;\"><span lang=\"ES\" class=\"x_ContentPasted0\">En Arauca el proceso de matr\u00edcula para el a\u00f1o 2023 est\u00e1 habilitado desde el primero de diciembre hasta el inicio de clases, de acuerdo con las disposiciones del Ministerio de Educaci\u00f3n Nacional.\u00a0<\/span><\/p>\n<p>[\/et_pb_text][et_pb_image src=\u00bbhttps:\/\/www.sedarauca.edu.co\/wp-content\/uploads\/2022\/12\/matric02.jpg\u00bb title_text=\u00bbmatric02&#8243; _builder_version=\u00bb4.19.4&#8243; _module_preset=\u00bbdefault\u00bb global_colors_info=\u00bb{}\u00bb][\/et_pb_image][\/et_pb_column][\/et_pb_row][et_pb_row _builder_version=\u00bb4.19.4&#8243; _module_preset=\u00bbdefault\u00bb global_colors_info=\u00bb{}\u00bb][et_pb_column type=\u00bb4_4&#8243; _builder_version=\u00bb4.19.4&#8243; _module_preset=\u00bbdefault\u00bb global_colors_info=\u00bb{}\u00bb][et_pb_text _builder_version=\u00bb4.19.4&#8243; _module_preset=\u00bbdefault\u00bb global_colors_info=\u00bb{}\u00bb]<\/p>\n<p class=\"x_FluidPluginCopy\" style=\"text-align: justify;\"><span lang=\"ES\" class=\"x_ContentPasted0\">Guerrero Alvarado exhort\u00f3 a los rectores y directores a establecer mecanismos \u00e1giles, seguros y f\u00e1ciles para que los padres de familia puedan realizar el proceso de matr\u00edcula para incentivar a\u00fan m\u00e1s el acceso al sistema educativo.<span class=\"x_ContentPasted0\">\u00a0<span>\u00a0<\/span><\/span>\u00a0<\/span><span lang=\"ES\" class=\"x_ContentPasted0\"><\/span><\/p>\n<p class=\"x_FluidPluginCopy\" style=\"text-align: justify;\"><span lang=\"ES\" class=\"x_ContentPasted0\">\u201cEs importante que nuestros directivos recuerden que el cumplimiento del registro oportuno de matr\u00edcula le permite a la Entidad Territorial en primera instancia dar respuesta a los requerimientos de maestros por parte de cada uno de los establecimientos educativos, y adem\u00e1s es un insumo para el estudio t\u00e9cnico de planta, estrategias de permanencia como el programa de alimentaci\u00f3n escolar (PAE), residencias escolares, entre otras\u201d, se\u00f1al\u00f3 el Secretario. \u00a0<\/span><span lang=\"ES\" class=\"x_ContentPasted0\"><\/span><\/p>\n<p class=\"x_FluidPluginCopy\" style=\"text-align: justify;\"><strong><span lang=\"ES\" class=\"x_ContentPasted0\"><\/span><\/strong><\/p>\n<p class=\"x_FluidPluginCopy\" style=\"text-align: justify;\"><strong><span lang=\"ES\" class=\"x_ContentPasted0\">Requisitos para matr\u00edcula estudiantes nuevos colombianos:\u00a0<br \/><\/span><\/strong><span lang=\"ES\" class=\"x_ContentPasted0\">\u00a0 \u00a0Fotocopia registro civil o fotocopia de la tarjeta <\/span><span lang=\"ES\" class=\"x_ContentPasted0\">de identidad.\u00a0<br \/><\/span><span lang=\"ES\" class=\"x_ContentPasted0\">\u00a0 \u00a0Fotocopia de c\u00e9dula del acudiente.\u00a0<br \/><\/span><span lang=\"ES\" class=\"x_ContentPasted0\">\u00a0 \u00a0Fotocopia del SISBEN.\u00a0<br \/><\/span><span lang=\"ES\" class=\"x_ContentPasted0\">\u00a0 \u00a0Fotocopia de la EPS.<br \/><\/span><span lang=\"ES\" class=\"x_ContentPasted0\">\u00a0 \u00a0Otros requerimientos seg\u00fan lo estipule cada instituci\u00f3n. \u00a0<\/span><\/p>\n<p class=\"x_FluidPluginCopy\" style=\"text-align: justify;\"><strong><span lang=\"ES\" class=\"x_ContentPasted0\">Para el caso de los estudiantes de nacionalidad venezolana deben presentar:<br \/><\/span><\/strong><span lang=\"ES\" class=\"x_ContentPasted0\">\u00a0 \u00a0Visa de Estudiante.\u00a0<br \/><\/span><span lang=\"ES\" class=\"x_ContentPasted0\">\u00a0 \u00a0C\u00e9dula de Extranjer\u00eda.\u00a0<br \/><\/span><span lang=\"ES\" class=\"x_ContentPasted0\">\u00a0 \u00a0Permiso Especial de Permanencia \u2013 PEP.\u00a0<br \/><\/span><span lang=\"ES\" class=\"x_ContentPasted0\">\u00a0 \u00a0\u00daltimo bolet\u00edn de notas del a\u00f1o cursado a fin de poder establecer la asignaci\u00f3n acad\u00e9mica. <\/span><\/p>\n<p class=\"x_FluidPluginCopy\" style=\"text-align: justify;\"><span lang=\"ES\" class=\"x_ContentPasted0\">En caso de no contar con dichos documentos, la instituci\u00f3n debe otorgar un tiempo prudencial el cual no debe superar seis (6) meses contados a partir de la suscripci\u00f3n de la matr\u00edcula para realizar los tr\u00e1mites para adquirir un documento de identidad v\u00e1lido, compromiso que debe ser firmado entre las partes, es decir, entre el colegio y los padres de familia o acudientes.\u00a0<\/span><\/p>\n<p>[\/et_pb_text][\/et_pb_column][\/et_pb_row][\/et_pb_section]<\/p>\n","protected":false},"excerpt":{"rendered":"<p>Que todos los ni\u00f1os vayan al cole en el nuevo a\u00f1o, es el objetivo de la Gobernaci\u00f3n de Arauca, a trav\u00e9s de la Secretar\u00eda de Educaci\u00f3n, por eso se encuentra habilitado el proceso de matr\u00edcula para estudiantes nuevos y antiguos en todos los establecimientos oficiales del Departamento.\u00a0Arauca, 28 de diciembre de 2022.\u00a0\u00a0Con el prop\u00f3sito de [&hellip;]<\/p>\n","protected":false},"author":1,"featured_media":1089,"comment_status":"closed","ping_status":"closed","sticky":false,"template":"","format":"standard","meta":{"_et_pb_use_builder":"on","_et_pb_old_content":"","_et_gb_content_width":"","footnotes":""},"categories":[21,6],"tags":[],"class_list":["post-1081","post","type-post","status-publish","format-standard","has-post-thumbnail","hentry","category-boletin","category-noticias"],"_links":{"self":[{"href":"https:\/\/www.sedarauca.edu.co\/index.php\/wp-json\/wp\/v2\/posts\/1081","targetHints":{"allow":["GET"]}}],"collection":[{"href":"https:\/\/www.sedarauca.edu.co\/index.php\/wp-json\/wp\/v2\/posts"}],"about":[{"href":"https:\/\/www.sedarauca.edu.co\/index.php\/wp-json\/wp\/v2\/types\/post"}],"author":[{"embeddable":true,"href":"https:\/\/www.sedarauca.edu.co\/index.php\/wp-json\/wp\/v2\/users\/1"}],"replies":[{"embeddable":true,"href":"https:\/\/www.sedarauca.edu.co\/index.php\/wp-json\/wp\/v2\/comments?post=1081"}],"version-history":[{"count":7,"href":"https:\/\/www.sedarauca.edu.co\/index.php\/wp-json\/wp\/v2\/posts\/1081\/revisions"}],"predecessor-version":[{"id":1095,"href":"https:\/\/www.sedarauca.edu.co\/index.php\/wp-json\/wp\/v2\/posts\/1081\/revisions\/1095"}],"wp:featuredmedia":[{"embeddable":true,"href":"https:\/\/www.sedarauca.edu.co\/index.php\/wp-json\/wp\/v2\/media\/1089"}],"wp:attachment":[{"href":"https:\/\/www.sedarauca.edu.co\/index.php\/wp-json\/wp\/v2\/media?parent=1081"}],"wp:term":[{"taxonomy":"category","embeddable":true,"href":"https:\/\/www.sedarauca.edu.co\/index.php\/wp-json\/wp\/v2\/categories?post=1081"},{"taxonomy":"post_tag","embeddable":true,"href":"https:\/\/www.sedarauca.edu.co\/index.php\/wp-json\/wp\/v2\/tags?post=1081"}],"curies":[{"name":"wp","href":"https:\/\/api.w.org\/{rel}","templated":true}]}}