{"id":1074,"date":"2022-12-23T12:12:00","date_gmt":"2022-12-23T17:12:00","guid":{"rendered":"http:\/\/www.sedarauca.edu.co\/?p=1074"},"modified":"2023-01-11T09:49:01","modified_gmt":"2023-01-11T14:49:01","slug":"conozca-el-balance-de-inversion-del-2022-en-el-sector-educativo","status":"publish","type":"post","link":"https:\/\/www.sedarauca.edu.co\/index.php\/2022\/12\/23\/conozca-el-balance-de-inversion-del-2022-en-el-sector-educativo\/","title":{"rendered":"<strong>Conozca el balance de inversi\u00f3n del 2022 en el sector educativo<\/strong>"},"content":{"rendered":"\n[et_pb_section fb_built=\u00bb1&#8243; _builder_version=\u00bb4.19.4&#8243; _module_preset=\u00bbdefault\u00bb global_colors_info=\u00bb{}\u00bb][et_pb_row _builder_version=\u00bb4.19.4&#8243; _module_preset=\u00bbdefault\u00bb global_colors_info=\u00bb{}\u00bb][et_pb_column type=\u00bb4_4&#8243; _builder_version=\u00bb4.19.4&#8243; _module_preset=\u00bbdefault\u00bb global_colors_info=\u00bb{}\u00bb][et_pb_text _builder_version=\u00bb4.19.4&#8243; _module_preset=\u00bbdefault\u00bb global_colors_info=\u00bb{}\u00bb]<p style=\"text-align: center;\"><i><span lang=\"ES-MX\">Fortalecimiento de la calidad educativa, la infraestructura y la cobertura escolar fueron los gruesos de inversi\u00f3n en el sector educativo en la presente vigencia.<\/span><\/i><\/p>[\/et_pb_text][\/et_pb_column][\/et_pb_row][et_pb_row _builder_version=\u00bb4.19.4&#8243; _module_preset=\u00bbdefault\u00bb global_colors_info=\u00bb{}\u00bb][et_pb_column type=\u00bb4_4&#8243; _builder_version=\u00bb4.19.4&#8243; _module_preset=\u00bbdefault\u00bb global_colors_info=\u00bb{}\u00bb][et_pb_text _builder_version=\u00bb4.19.4&#8243; _module_preset=\u00bbdefault\u00bb global_colors_info=\u00bb{}\u00bb]<p style=\"font-weight: 400; text-align: justify;\"><strong>Arauca, 23 de diciembre de 2022<\/strong>.\u00a0<span>\u00a0<\/span>Durante el 2022, el Gobierno Departamental \u201cConstruyendo Futuro\u201d lider\u00f3 acciones enmarcadas en la oportunidad y la responsabilidad, siempre comprometido con garantizar el derecho a la educaci\u00f3n en un trabajo articulado con las Secretar\u00edas de Educaci\u00f3n municipales, los docentes y directivos docentes, las familias e instituciones de preescolar, b\u00e1sica, media y educaci\u00f3n superior.<\/p>\n<p style=\"font-weight: 400; text-align: justify;\">Es as\u00ed, como se logr\u00f3 este a\u00f1o garantizar el acceso a la educaci\u00f3n oficial de 57.929 ni\u00f1os, ni\u00f1as y adolescentes en los siete municipios del departamento de Arauca; de los cuales 11.447 fueron poblaci\u00f3n migrante, 12.167 v\u00edctimas, 2.472 ind\u00edgenas, 645 afrodescendientes y 570 estudiantes con discapacidad.<\/p>\n<p style=\"font-weight: 400; text-align: justify;\">Adem\u00e1s, se implementaron las estrategias de acceso y permanencia a trav\u00e9s de las cuales fueron beneficiados 22.603 estudiantes con el Programa de Alimentaci\u00f3n Escolar, y 8.144 estudiantes de sedes educativas rurales con el Programa de Transporte Escolar.<\/p>\n<p style=\"font-weight: 400; text-align: justify;\">Para fortalecer la calidad educativa en los establecimientos oficiales del Departamento, se gestion\u00f3 la capacitaci\u00f3n de m\u00e1s de mil directivos docentes y docentes en temas de Educaci\u00f3n Inclusiva, Etnoeducaci\u00f3n, Liderazgo Directivo, Innovaci\u00f3n Educativa, Uso y apropiaci\u00f3n de las TICS, Ciencia e investigaci\u00f3n, entre otros temas, que contribuyen a mejorar el desempe\u00f1o de los docentes y por ende, el acceso y la calidad del aprendizaje de los ni\u00f1os, ni\u00f1as y adolescentes.<\/p>\n<p style=\"font-weight: 400; text-align: justify;\">Tambi\u00e9n se implementaron estrategias para el fortalecimiento de capacidades en ciencia, tecnolog\u00eda e innovaci\u00f3n educativa en las instituciones oficiales, donde se beneficiaron 1.849 estudiantes de 10 sedes educativas. De igual manera a trav\u00e9s del Programa Ondas Arauca, proyecto ejecutado en convenio con<span>\u00a0<\/span>Minciencias y la Universidad de Santander, se foment\u00f3 el desarrollo de habilidades y capacidades investigativas y cient\u00edficas en<span>\u00a0<\/span>14.307 estudiantes de 43 sedes educativas en los siete municipios.<\/p>\n<p style=\"font-weight: 400; text-align: justify;\">Por otro parte, y en aras de fomentar el acceso a la educaci\u00f3n superior, se dio inicio al proyecto de ampliaci\u00f3n de coberturas en educaci\u00f3n terciaria a trav\u00e9s del cual 390 j\u00f3venes y adultos reciben educaci\u00f3n gratuita en Programas T\u00e9cnicos laborales en \u00e1reas de la salud en los municipios de Tame, Arauquita, Saravena y Arauca.<\/p>\n<p style=\"font-weight: 400;\">\n<p style=\"font-weight: 400; text-align: justify;\">La infraestructura educativa tambi\u00e9n es un pilar fundamental para este gobierno, por eso se est\u00e1n invirtiendo m\u00e1s de 29 mil millones de pesos en la construcci\u00f3n de tres mega obras para fortalecer la educaci\u00f3n en el departamento. Una de ellas es la que se adelanta en el marco del<span>\u00a0<\/span>plan nacional de infraestructura educativa, donde el Ministerio de Educaci\u00f3n Nacional avanza en la construcci\u00f3n de la Instituci\u00f3n Educativa Pedro Nel Jim\u00e9nez, una obra que beneficiar\u00e1 alrededor de 950 estudiantes de prescolar, media y b\u00e1sica del municipio de Arauquita.<\/p>\n<p style=\"font-weight: 400;\">\n<p style=\"font-weight: 400; text-align: justify;\">Otra obra es la que se ejecuta a trav\u00e9s del Fondo Paz se destinaron recursos para la construcci\u00f3n y mejoramiento de la Instituci\u00f3n Educativa de Promoci\u00f3n Agropecuaria sede IPA, ubicada en el centro poblado de Puerto Jord\u00e1n, con la que se van a beneficiar a m\u00e1s de 2 mil ni\u00f1os y ni\u00f1as en su mayor\u00eda de zona rural.<span>\u00a0<\/span>Por \u00faltimo, con recursos del Sistema General de Regal\u00edas se hizo realidad la construcci\u00f3n del Centro Comunitario de Atenci\u00f3n Virtual de la Universidad Nacional Abierta y a Distancia en el municipio de Arauquita, obra que le abrir\u00e1 las puertas al mundo de la educaci\u00f3n superior a 5.000 estudiantes de todo el departamento.<\/p>\n<p style=\"font-weight: 400;\">\n<p style=\"text-align: justify;\"><span style=\"font-weight: 400;\">Todos estos avances y gestiones se dan bajo el liderazgo de la gobernadora Indira Luz Barrios Guarnizo en su prop\u00f3sito de convertir al departamento de Arauca en Ruta de Paz, donde se est\u00e1 construyendo futuro con el fortalecimiento de la educaci\u00f3n.<\/span><\/p>[\/et_pb_text][\/et_pb_column][\/et_pb_row][et_pb_row _builder_version=\u00bb4.19.4&#8243; _module_preset=\u00bbdefault\u00bb][et_pb_column _builder_version=\u00bb4.19.4&#8243; _module_preset=\u00bbdefault\u00bb type=\u00bb4_4&#8243;][et_pb_video src=\u00bbhttps:\/\/youtu.be\/F0ptsrZS2QI\u00bb _builder_version=\u00bb4.19.4&#8243; _module_preset=\u00bbdefault\u00bb hover_enabled=\u00bb0&#8243; sticky_enabled=\u00bb0&#8243;][\/et_pb_video][\/et_pb_column][\/et_pb_row][\/et_pb_section]\n","protected":false},"excerpt":{"rendered":"<p>Fortalecimiento de la calidad educativa, la infraestructura y la cobertura escolar fueron los gruesos de inversi\u00f3n en el sector educativo en la presente vigencia.Arauca, 23 de diciembre de 2022.\u00a0\u00a0Durante el 2022, el Gobierno Departamental \u201cConstruyendo Futuro\u201d lider\u00f3 acciones enmarcadas en la oportunidad y la responsabilidad, siempre comprometido con garantizar el derecho a la educaci\u00f3n en [&hellip;]<\/p>\n","protected":false},"author":1,"featured_media":1291,"comment_status":"closed","ping_status":"closed","sticky":false,"template":"","format":"standard","meta":{"_et_pb_use_builder":"on","_et_pb_old_content":"","_et_gb_content_width":"","footnotes":""},"categories":[21,6],"tags":[],"class_list":["post-1074","post","type-post","status-publish","format-standard","has-post-thumbnail","hentry","category-boletin","category-noticias"],"_links":{"self":[{"href":"https:\/\/www.sedarauca.edu.co\/index.php\/wp-json\/wp\/v2\/posts\/1074","targetHints":{"allow":["GET"]}}],"collection":[{"href":"https:\/\/www.sedarauca.edu.co\/index.php\/wp-json\/wp\/v2\/posts"}],"about":[{"href":"https:\/\/www.sedarauca.edu.co\/index.php\/wp-json\/wp\/v2\/types\/post"}],"author":[{"embeddable":true,"href":"https:\/\/www.sedarauca.edu.co\/index.php\/wp-json\/wp\/v2\/users\/1"}],"replies":[{"embeddable":true,"href":"https:\/\/www.sedarauca.edu.co\/index.php\/wp-json\/wp\/v2\/comments?post=1074"}],"version-history":[{"count":6,"href":"https:\/\/www.sedarauca.edu.co\/index.php\/wp-json\/wp\/v2\/posts\/1074\/revisions"}],"predecessor-version":[{"id":1292,"href":"https:\/\/www.sedarauca.edu.co\/index.php\/wp-json\/wp\/v2\/posts\/1074\/revisions\/1292"}],"wp:featuredmedia":[{"embeddable":true,"href":"https:\/\/www.sedarauca.edu.co\/index.php\/wp-json\/wp\/v2\/media\/1291"}],"wp:attachment":[{"href":"https:\/\/www.sedarauca.edu.co\/index.php\/wp-json\/wp\/v2\/media?parent=1074"}],"wp:term":[{"taxonomy":"category","embeddable":true,"href":"https:\/\/www.sedarauca.edu.co\/index.php\/wp-json\/wp\/v2\/categories?post=1074"},{"taxonomy":"post_tag","embeddable":true,"href":"https:\/\/www.sedarauca.edu.co\/index.php\/wp-json\/wp\/v2\/tags?post=1074"}],"curies":[{"name":"wp","href":"https:\/\/api.w.org\/{rel}","templated":true}]}}