{"id":10664,"date":"2025-03-17T15:27:00","date_gmt":"2025-03-17T20:27:00","guid":{"rendered":"https:\/\/www.sedarauca.edu.co\/?p=10664"},"modified":"2025-03-17T17:25:36","modified_gmt":"2025-03-17T22:25:36","slug":"avanza-la-matricula-en-las-instituciones-educativas-oficiales-de-arauca-aun-hay-cupos-disponibles","status":"publish","type":"post","link":"https:\/\/www.sedarauca.edu.co\/index.php\/2025\/03\/17\/avanza-la-matricula-en-las-instituciones-educativas-oficiales-de-arauca-aun-hay-cupos-disponibles\/","title":{"rendered":"Avanza la matr\u00edcula en las instituciones educativas oficiales de Arauca: a\u00fan hay cupos disponibles"},"content":{"rendered":"<p>[et_pb_section fb_built=\u00bb1&#8243; theme_builder_area=\u00bbpost_content\u00bb _builder_version=\u00bb4.27.4&#8243; _module_preset=\u00bbdefault\u00bb][et_pb_row _builder_version=\u00bb4.27.4&#8243; _module_preset=\u00bbdefault\u00bb theme_builder_area=\u00bbpost_content\u00bb][et_pb_column _builder_version=\u00bb4.27.4&#8243; _module_preset=\u00bbdefault\u00bb type=\u00bb4_4&#8243; theme_builder_area=\u00bbpost_content\u00bb][et_pb_text _builder_version=\u00bb4.27.4&#8243; _module_preset=\u00bbdefault\u00bb theme_builder_area=\u00bbpost_content\u00bb hover_enabled=\u00bb0&#8243; sticky_enabled=\u00bb0&#8243;]<\/p>\n<p style=\"text-align: justify;\"><strong>Arauca, 17 de marzo de 2025<\/strong>. La Secretar\u00eda de Educaci\u00f3n Departamental de Arauca informa que el proceso de matr\u00edcula para el periodo escolar 2025 avanza con un\u00a0<strong>97% de cobertura<\/strong>, alcanzando un total de\u00a0<strong>57.725 estudiantes inscritos<\/strong>\u00a0en las instituciones educativas oficiales de los siete municipios.<\/p>\n<p style=\"text-align: justify;\">A\u00fan quedan\u00a0<strong>1.486 cupos disponibles<\/strong>\u00a0para garantizar el acceso a la educaci\u00f3n de ni\u00f1os, ni\u00f1as y adolescentes en todos los grados.\u00a0<strong>Hasta el 31 de marzo de 2025<\/strong>, los padres de familia pueden acercarse a las instituciones educativas para formalizar la inscripci\u00f3n de sus hijos.<\/p>\n<p>[\/et_pb_text][\/et_pb_column][\/et_pb_row][et_pb_row _builder_version=\u00bb4.27.4&#8243; _module_preset=\u00bbdefault\u00bb column_structure=\u00bb1_5,3_5,1_5&#8243; theme_builder_area=\u00bbpost_content\u00bb][et_pb_column _builder_version=\u00bb4.27.4&#8243; _module_preset=\u00bbdefault\u00bb type=\u00bb1_5&#8243; theme_builder_area=\u00bbpost_content\u00bb][\/et_pb_column][et_pb_column _builder_version=\u00bb4.27.4&#8243; _module_preset=\u00bbdefault\u00bb type=\u00bb3_5&#8243; theme_builder_area=\u00bbpost_content\u00bb][et_pb_image src=\u00bbhttps:\/\/www.sedarauca.edu.co\/wp-content\/uploads\/2025\/03\/TodosAlColeMarzoEstudiarNoTrabajar.jpg\u00bb _builder_version=\u00bb4.27.4&#8243; _module_preset=\u00bbdefault\u00bb theme_builder_area=\u00bbpost_content\u00bb title_text=\u00bbTodosAlColeMarzoEstudiarNoTrabajar\u00bb hover_enabled=\u00bb0&#8243; sticky_enabled=\u00bb0&#8243;][\/et_pb_image][\/et_pb_column][et_pb_column _builder_version=\u00bb4.27.4&#8243; _module_preset=\u00bbdefault\u00bb type=\u00bb1_5&#8243; theme_builder_area=\u00bbpost_content\u00bb][\/et_pb_column][\/et_pb_row][et_pb_row _builder_version=\u00bb4.27.4&#8243; _module_preset=\u00bbdefault\u00bb theme_builder_area=\u00bbpost_content\u00bb][et_pb_column _builder_version=\u00bb4.27.4&#8243; _module_preset=\u00bbdefault\u00bb type=\u00bb4_4&#8243; theme_builder_area=\u00bbpost_content\u00bb][et_pb_text _builder_version=\u00bb4.27.4&#8243; _module_preset=\u00bbdefault\u00bb theme_builder_area=\u00bbpost_content\u00bb hover_enabled=\u00bb0&#8243; sticky_enabled=\u00bb0&#8243;]<\/p>\n<p>Hasta la fecha, la cobertura en cada municipio es la siguiente:<\/p>\n<p><strong>Arauca:<\/strong>\u00a017.109 estudiantes \u2013 97%<br \/><strong>Arauquita:<\/strong>\u00a09.572 estudiantes \u2013 98%<br \/><strong>Cravo Norte:<\/strong>\u00a0695 estudiantes \u2013 92%<br \/><strong>Fortul:<\/strong>\u00a04.571 estudiantes \u2013 97%<br \/><strong>Puerto Rond\u00f3n:<\/strong>\u00a0769 estudiantes \u2013 96%<br \/><strong>Saravena:<\/strong>\u00a011.745 estudiantes \u2013 98%<br \/><strong>Tame:<\/strong>\u00a013.221 estudiantes \u2013 98%<\/p>\n<p>[\/et_pb_text][\/et_pb_column][\/et_pb_row][et_pb_row _builder_version=\u00bb4.27.4&#8243; _module_preset=\u00bbdefault\u00bb column_structure=\u00bb1_5,3_5,1_5&#8243; theme_builder_area=\u00bbpost_content\u00bb][et_pb_column _builder_version=\u00bb4.27.4&#8243; _module_preset=\u00bbdefault\u00bb type=\u00bb1_5&#8243; theme_builder_area=\u00bbpost_content\u00bb][\/et_pb_column][et_pb_column _builder_version=\u00bb4.27.4&#8243; _module_preset=\u00bbdefault\u00bb type=\u00bb3_5&#8243; theme_builder_area=\u00bbpost_content\u00bb][et_pb_image src=\u00bbhttps:\/\/www.sedarauca.edu.co\/wp-content\/uploads\/2025\/03\/TodosAlColeMarzoLlevaloAlCole.jpg\u00bb _builder_version=\u00bb4.27.4&#8243; _module_preset=\u00bbdefault\u00bb theme_builder_area=\u00bbpost_content\u00bb title_text=\u00bbTodosAlColeMarzoLlevaloAlCole\u00bb hover_enabled=\u00bb0&#8243; sticky_enabled=\u00bb0&#8243;][\/et_pb_image][\/et_pb_column][et_pb_column _builder_version=\u00bb4.27.4&#8243; _module_preset=\u00bbdefault\u00bb type=\u00bb1_5&#8243; theme_builder_area=\u00bbpost_content\u00bb][\/et_pb_column][\/et_pb_row][et_pb_row _builder_version=\u00bb4.27.4&#8243; _module_preset=\u00bbdefault\u00bb theme_builder_area=\u00bbpost_content\u00bb][et_pb_column _builder_version=\u00bb4.27.4&#8243; _module_preset=\u00bbdefault\u00bb type=\u00bb4_4&#8243; theme_builder_area=\u00bbpost_content\u00bb][et_pb_text _builder_version=\u00bb4.27.4&#8243; _module_preset=\u00bbdefault\u00bb theme_builder_area=\u00bbpost_content\u00bb hover_enabled=\u00bb0&#8243; sticky_enabled=\u00bb0&#8243;]<\/p>\n<p style=\"text-align: justify;\">El secretario de Educaci\u00f3n Departamental,\u00a0<strong>Ariel Pedraza<\/strong>, hace un llamado a padres de familia, directivos docentes, docentes y a la comunidad en general a unirse en la\u00a0<strong>b\u00fasqueda activa de menores que a\u00fan no est\u00e1n asistiendo a clases<\/strong>, para que ning\u00fan ni\u00f1o, ni\u00f1a o adolescente se quede por fuera del sistema educativo este 2025.<\/p>\n<p style=\"text-align: justify;\">\u201cLa educaci\u00f3n es un derecho fundamental y una herramienta clave para el desarrollo de nuestro departamento. Trabajemos juntos para garantizar que todos los ni\u00f1os y j\u00f3venes de Arauca tengan acceso a la escuela\u201d, expres\u00f3 el secretario.<\/p>\n<p style=\"text-align: justify;\">\u00a1A\u00fan hay tiempo! Si a\u00fan no has matriculado a tu hijo, ac\u00e9rcate a la instituci\u00f3n educativa m\u00e1s cercana y haz parte de la transformaci\u00f3n educativa de Arauca.<\/p>\n<p>[\/et_pb_text][\/et_pb_column][\/et_pb_row][\/et_pb_section]<\/p>\n","protected":false},"excerpt":{"rendered":"<p>Arauca, 17 de marzo de 2025. La Secretar\u00eda de Educaci\u00f3n Departamental de Arauca informa que el proceso de matr\u00edcula para el periodo escolar 2025 avanza con un\u00a097% de cobertura, alcanzando un total de\u00a057.725 estudiantes inscritos\u00a0en las instituciones educativas oficiales de los siete municipios. A\u00fan quedan\u00a01.486 cupos disponibles\u00a0para garantizar el acceso a la educaci\u00f3n de ni\u00f1os, [&hellip;]<\/p>\n","protected":false},"author":1,"featured_media":10665,"comment_status":"closed","ping_status":"closed","sticky":false,"template":"","format":"standard","meta":{"_et_pb_use_builder":"on","_et_pb_old_content":"","_et_gb_content_width":"","footnotes":""},"categories":[44,6],"tags":[],"class_list":["post-10664","post","type-post","status-publish","format-standard","has-post-thumbnail","hentry","category-gestion","category-noticias"],"_links":{"self":[{"href":"https:\/\/www.sedarauca.edu.co\/index.php\/wp-json\/wp\/v2\/posts\/10664","targetHints":{"allow":["GET"]}}],"collection":[{"href":"https:\/\/www.sedarauca.edu.co\/index.php\/wp-json\/wp\/v2\/posts"}],"about":[{"href":"https:\/\/www.sedarauca.edu.co\/index.php\/wp-json\/wp\/v2\/types\/post"}],"author":[{"embeddable":true,"href":"https:\/\/www.sedarauca.edu.co\/index.php\/wp-json\/wp\/v2\/users\/1"}],"replies":[{"embeddable":true,"href":"https:\/\/www.sedarauca.edu.co\/index.php\/wp-json\/wp\/v2\/comments?post=10664"}],"version-history":[{"count":3,"href":"https:\/\/www.sedarauca.edu.co\/index.php\/wp-json\/wp\/v2\/posts\/10664\/revisions"}],"predecessor-version":[{"id":10671,"href":"https:\/\/www.sedarauca.edu.co\/index.php\/wp-json\/wp\/v2\/posts\/10664\/revisions\/10671"}],"wp:featuredmedia":[{"embeddable":true,"href":"https:\/\/www.sedarauca.edu.co\/index.php\/wp-json\/wp\/v2\/media\/10665"}],"wp:attachment":[{"href":"https:\/\/www.sedarauca.edu.co\/index.php\/wp-json\/wp\/v2\/media?parent=10664"}],"wp:term":[{"taxonomy":"category","embeddable":true,"href":"https:\/\/www.sedarauca.edu.co\/index.php\/wp-json\/wp\/v2\/categories?post=10664"},{"taxonomy":"post_tag","embeddable":true,"href":"https:\/\/www.sedarauca.edu.co\/index.php\/wp-json\/wp\/v2\/tags?post=10664"}],"curies":[{"name":"wp","href":"https:\/\/api.w.org\/{rel}","templated":true}]}}