{"id":1064,"date":"2022-12-16T09:31:00","date_gmt":"2022-12-16T14:31:00","guid":{"rendered":"https:\/\/www.sedarauca.edu.co\/?p=1064"},"modified":"2023-10-23T15:58:14","modified_gmt":"2023-10-23T20:58:14","slug":"resultados-proceso-ordinario-de-traslados-2022-educacion-departamental","status":"publish","type":"post","link":"https:\/\/www.sedarauca.edu.co\/index.php\/2022\/12\/16\/resultados-proceso-ordinario-de-traslados-2022-educacion-departamental\/","title":{"rendered":"<strong>Resultados Proceso Ordinario de Traslados 2022 \u2013 Educaci\u00f3n Departamental<\/strong>"},"content":{"rendered":"<p>[et_pb_section fb_built=\u00bb1&#8243; _builder_version=\u00bb4.19.3&#8243; _module_preset=\u00bbdefault\u00bb global_colors_info=\u00bb{}\u00bb][et_pb_row _builder_version=\u00bb4.19.3&#8243; _module_preset=\u00bbdefault\u00bb global_colors_info=\u00bb{}\u00bb][et_pb_column type=\u00bb4_4&#8243; _builder_version=\u00bb4.19.3&#8243; _module_preset=\u00bbdefault\u00bb global_colors_info=\u00bb{}\u00bb][et_pb_text _builder_version=\u00bb4.19.3&#8243; _module_preset=\u00bbdefault\u00bb global_colors_info=\u00bb{}\u00bb]<\/p>\n<p style=\"text-align: justify;\"><strong>Arauca, 16 de diciembre de 2022.<\/strong> El d\u00eda 14 de diciembre de 2022 en la sala de juntas de la Secretar\u00eda de Educaci\u00f3n Departamental de Arauca, se realiz\u00f3 la reuni\u00f3n del Comit\u00e9 Interno de Traslados para la revisi\u00f3n de las solicitudes de traslados de Docentes y Directivos Docentes, recibidas durante los d\u00edas del 17 de noviembre al 02 de diciembre de 2022 a trav\u00e9s del Sistema de Atenci\u00f3n al Ciudadano y ventanilla \u00fanica de la Gobernaci\u00f3n.<\/p>\n<p>&nbsp;<\/p>\n<p style=\"text-align: justify;\">De un total de 28 solicitudes registradas en las fechas indicadas, se aprobaron 10 y se negaron 18, como se detalla en el documento PDF anexo.<\/p>\n<p>[\/et_pb_text][et_pb_button button_url=\u00bbhttps:\/\/www.sedarauca.edu.co\/wp-content\/uploads\/2022\/12\/RESULTADOS-PROCESO-ORDINARIO-DE-TRASLADOS-2022.pdf\u00bb button_text=\u00bbDescargar PDF Traslados 2022 \u00bb button_alignment=\u00bbcenter\u00bb _builder_version=\u00bb4.23&#8243; _module_preset=\u00bbdefault\u00bb custom_button=\u00bbon\u00bb button_text_color=\u00bb#FFFFFF\u00bb button_bg_color=\u00bb#0C71C3&#8243; button_border_radius=\u00bb30px\u00bb button_icon=\u00bb&#xf1c1;||fa||900&#8243; hover_enabled=\u00bb0&#8243; global_colors_info=\u00bb{}\u00bb sticky_enabled=\u00bb0&#8243; display_conditions=\u00bbW3siaWQiOiI3MTA1ODQxNy04OGExLTRiOGEtYTFhZC0zOWYyYWY2ZGFkNTUiLCJjb25kaXRpb24iOiJkYXRlVGltZSIsImNvbmRpdGlvblNldHRpbmdzIjp7ImRpc3BsYXlSdWxlIjoiaXNCZWZvcmUiLCJkYXRlIjoiMjAyMy0xMC0yMSIsInRpbWUiOiIwMDowMCIsIndlZWtkYXlzIjoifCIsImFsbERheSI6Im9uIiwiZnJvbVRpbWUiOiIwMDowMCIsInVudGlsVGltZSI6IjAwOjAwIiwicmVwZWF0Ijoib2ZmIiwicmVwZWF0RnJlcXVlbmN5IjoibW9udGhseSIsInJlcGVhdEZyZXF1ZW5jeVNwZWNpZmljRGF5cyI6IndlZWtseSIsInJlcGVhdEVuZCI6Im5ldmVyIiwicmVwZWF0VW50aWxEYXRlIjoiMjAyMy0xMC0yMyIsInJlcGVhdFRpbWVzIjoiMyIsImFkbWluTGFiZWwiOiJGZWNoYSB5IGhvcmEiLCJlbmFibGVDb25kaXRpb24iOiJvbiJ9LCJvcGVyYXRvciI6Ik9SIn1d\u00bb][\/et_pb_button][\/et_pb_column][\/et_pb_row][et_pb_row _builder_version=\u00bb4.23&#8243; _module_preset=\u00bbdefault\u00bb link_option_url=\u00bbhttps:\/\/www.sedarauca.edu.co\/wp-content\/uploads\/2022\/12\/RESULTADOS-PROCESO-ORDINARIO-DE-TRASLADOS-2022.pdf\u00bb link_option_url_new_window=\u00bbon\u00bb hover_enabled=\u00bb0&#8243; sticky_enabled=\u00bb0&#8243;][et_pb_column _builder_version=\u00bb4.23&#8243; _module_preset=\u00bbdefault\u00bb type=\u00bb4_4&#8243;][et_pb_code _builder_version=\u00bb4.23&#8243; _module_preset=\u00bbdefault\u00bb hover_enabled=\u00bb0&#8243; sticky_enabled=\u00bb0&#8243;]<a href=\"https:\/\/www.sedarauca.edu.co\/wp-content\/uploads\/2022\/12\/RESULTADOS-PROCESO-ORDINARIO-DE-TRASLADOS-2022.pdf\" class=\"pdfemb-viewer\" style=\"\" data-width=\"max\" data-height=\"max\" data-toolbar=\"bottom\" data-toolbar-fixed=\"on\">RESULTADOS-PROCESO-ORDINARIO-DE-TRASLADOS-2022<\/a>[\/et_pb_code][\/et_pb_column][\/et_pb_row][\/et_pb_section]<\/p>\n","protected":false},"excerpt":{"rendered":"<p>Arauca, 16 de diciembre de 2022. El d\u00eda 14 de diciembre de 2022 en la sala de juntas de la Secretar\u00eda de Educaci\u00f3n Departamental de Arauca, se realiz\u00f3 la reuni\u00f3n del Comit\u00e9 Interno de Traslados para la revisi\u00f3n de las solicitudes de traslados de Docentes y Directivos Docentes, recibidas durante los d\u00edas del 17 de [&hellip;]<\/p>\n","protected":false},"author":1,"featured_media":1070,"comment_status":"closed","ping_status":"closed","sticky":false,"template":"","format":"standard","meta":{"_et_pb_use_builder":"on","_et_pb_old_content":"","_et_gb_content_width":"","footnotes":""},"categories":[25,28],"tags":[],"class_list":["post-1064","post","type-post","status-publish","format-standard","has-post-thumbnail","hentry","category-publicacion","category-traslado"],"_links":{"self":[{"href":"https:\/\/www.sedarauca.edu.co\/index.php\/wp-json\/wp\/v2\/posts\/1064","targetHints":{"allow":["GET"]}}],"collection":[{"href":"https:\/\/www.sedarauca.edu.co\/index.php\/wp-json\/wp\/v2\/posts"}],"about":[{"href":"https:\/\/www.sedarauca.edu.co\/index.php\/wp-json\/wp\/v2\/types\/post"}],"author":[{"embeddable":true,"href":"https:\/\/www.sedarauca.edu.co\/index.php\/wp-json\/wp\/v2\/users\/1"}],"replies":[{"embeddable":true,"href":"https:\/\/www.sedarauca.edu.co\/index.php\/wp-json\/wp\/v2\/comments?post=1064"}],"version-history":[{"count":6,"href":"https:\/\/www.sedarauca.edu.co\/index.php\/wp-json\/wp\/v2\/posts\/1064\/revisions"}],"predecessor-version":[{"id":7407,"href":"https:\/\/www.sedarauca.edu.co\/index.php\/wp-json\/wp\/v2\/posts\/1064\/revisions\/7407"}],"wp:featuredmedia":[{"embeddable":true,"href":"https:\/\/www.sedarauca.edu.co\/index.php\/wp-json\/wp\/v2\/media\/1070"}],"wp:attachment":[{"href":"https:\/\/www.sedarauca.edu.co\/index.php\/wp-json\/wp\/v2\/media?parent=1064"}],"wp:term":[{"taxonomy":"category","embeddable":true,"href":"https:\/\/www.sedarauca.edu.co\/index.php\/wp-json\/wp\/v2\/categories?post=1064"},{"taxonomy":"post_tag","embeddable":true,"href":"https:\/\/www.sedarauca.edu.co\/index.php\/wp-json\/wp\/v2\/tags?post=1064"}],"curies":[{"name":"wp","href":"https:\/\/api.w.org\/{rel}","templated":true}]}}