{"id":10558,"date":"2025-03-08T14:42:00","date_gmt":"2025-03-08T19:42:00","guid":{"rendered":"https:\/\/www.sedarauca.edu.co\/?p=10558"},"modified":"2025-03-15T08:57:13","modified_gmt":"2025-03-15T13:57:13","slug":"gobiernos-nacional-y-departamental-de-arauca-avanzan-hacia-la-materializacion-del-campus-universitario-de-saravena","status":"publish","type":"post","link":"https:\/\/www.sedarauca.edu.co\/index.php\/2025\/03\/08\/gobiernos-nacional-y-departamental-de-arauca-avanzan-hacia-la-materializacion-del-campus-universitario-de-saravena\/","title":{"rendered":"Gobiernos Nacional y Departamental de Arauca avanzan hacia la materializaci\u00f3n del campus universitario de Saravena"},"content":{"rendered":"<p>[et_pb_section fb_built=\u00bb1&#8243; _builder_version=\u00bb4.27.4&#8243; _module_preset=\u00bbdefault\u00bb global_colors_info=\u00bb{}\u00bb][et_pb_row _builder_version=\u00bb4.27.4&#8243; _module_preset=\u00bbdefault\u00bb global_colors_info=\u00bb{}\u00bb][et_pb_column type=\u00bb4_4&#8243; _builder_version=\u00bb4.27.4&#8243; _module_preset=\u00bbdefault\u00bb global_colors_info=\u00bb{}\u00bb][et_pb_text _builder_version=\u00bb4.27.4&#8243; _module_preset=\u00bbdefault\u00bb hover_enabled=\u00bb0&#8243; global_colors_info=\u00bb{}\u00bb sticky_enabled=\u00bb0&#8243;]<\/p>\n<p style=\"text-align: justify;\"><strong>Saravena 7 de marzo de 2025<\/strong>.- En un paso trascendental para la educaci\u00f3n superior en el departamento de Arauca, el gobernador Renson Mart\u00ednez Prada anunci\u00f3 la firma del Memorando de Entendimiento entre el Ministerio de Educaci\u00f3n Nacional, la Gobernaci\u00f3n de Arauca y la Universidad Industrial de Santander (UIS). El Gobierno departamental iniciar\u00e1 el proyecto con una primera pre inversi\u00f3n de 2 500 mil millones de pesos a trav\u00e9s de la cual se har\u00e1n los estudios y los dise\u00f1os de la infraestructura educativa para hacer realidad el sue\u00f1o que tienen los habitantes del Sarare de tener una Universidad.<\/p>\n<p style=\"text-align: justify;\">\u201cHoy es un d\u00eda hist\u00f3rico para Saravena. La firma de este acuerdo es el primer paso para consolidar una sede universitaria en el municipio. Con este compromiso, iniciamos los estudios y dise\u00f1os necesarios para materializar una apuesta educativa que cambiar\u00e1 el futuro de nuestros j\u00f3venes y contribuir\u00e1 al desarrollo del departamento\u201d, destac\u00f3 el gobernador.<\/p>\n<p style=\"text-align: justify;\">La UIS es un importante aliado por la calidad en el proceso de formaci\u00f3n y de la mano con el viceministerio de educaci\u00f3n superior hoy la Gobernaci\u00f3n de Arauca ha dado ese primer paso para poder impactar en la poblaci\u00f3n estudiantil flotante del Departamento, tambi\u00e9n de la regi\u00f3n del centro oriente que incluyen Norte de Santander y Boyac\u00e1, as\u00ed como la regi\u00f3n lim\u00edtrofe con el estado Apure y T\u00e1chira en Venezuela que tambi\u00e9n tiene una demanda con programas acad\u00e9micos.<\/p>\n<p>[\/et_pb_text][\/et_pb_column][\/et_pb_row][et_pb_row _builder_version=\u00bb4.27.4&#8243; _module_preset=\u00bbdefault\u00bb][et_pb_column _builder_version=\u00bb4.27.4&#8243; _module_preset=\u00bbdefault\u00bb type=\u00bb4_4&#8243;][et_pb_gallery _builder_version=\u00bb4.27.4&#8243; _module_preset=\u00bbdefault\u00bb gallery_ids=\u00bb10586,10587,10588,10589,10590,10591,10592,10593&#8243; gallery_orderby=\u00bbrand\u00bb hover_enabled=\u00bb0&#8243; sticky_enabled=\u00bb0&#8243;][\/et_pb_gallery][\/et_pb_column][\/et_pb_row][et_pb_row _builder_version=\u00bb4.27.4&#8243; _module_preset=\u00bbdefault\u00bb global_colors_info=\u00bb{}\u00bb][et_pb_column type=\u00bb4_4&#8243; _builder_version=\u00bb4.27.4&#8243; _module_preset=\u00bbdefault\u00bb global_colors_info=\u00bb{}\u00bb][et_pb_text _builder_version=\u00bb4.27.4&#8243; _module_preset=\u00bbdefault\u00bb hover_enabled=\u00bb0&#8243; global_colors_info=\u00bb{}\u00bb sticky_enabled=\u00bb0&#8243; custom_margin=\u00bb-60px||||false|false\u00bb]<\/p>\n<p style=\"text-align: justify;\"><strong>Compromisos<\/strong><\/p>\n<p style=\"text-align: justify;\">El anuncio se realiz\u00f3 durante la mesa de trabajo con Instituciones de Educaci\u00f3n Superior (IES) y colegios, convocada por el Ministerio de Educaci\u00f3n Nacional, con el prop\u00f3sito de fortalecer estrategias que ampl\u00eden el acceso a la educaci\u00f3n superior en zonas rurales y apartadas del pa\u00eds.<\/p>\n<p style=\"text-align: justify;\">Durante la jornada, se socializaron iniciativas como el Programa de Tr\u00e1nsito Inmediato a la Educaci\u00f3n Superior (PTIES), los Planes Integrales de Cobertura (PIC) y la estrategia Educaci\u00f3n Superior en Tu Colegio, que facilitar\u00e1n el acceso de los j\u00f3venes a oportunidades acad\u00e9micas de calidad.<\/p>\n<p style=\"text-align: justify;\">\u00c1lvaro Gallardo, director de Fomento a la Educaci\u00f3n Superior del Ministerio de Educaci\u00f3n Nacional, resalt\u00f3 el compromiso del Gobierno Nacional con la educaci\u00f3n en el Departamento:<\/p>\n<p style=\"text-align: justify;\">\u201cEste proyecto de la universidad en Saravena es una propuesta clara y estrat\u00e9gica para el Gobierno Nacional. La universidad no solo potenciar\u00e1 el talento de la regi\u00f3n, sino que tambi\u00e9n fortalecer\u00e1 su desarrollo. Es una iniciativa que merece todo el respaldo\u201d, afirm\u00f3.<\/p>\n<p style=\"text-align: justify;\">El PTIES facilitar\u00e1 la transici\u00f3n inmediata de estudiantes en condici\u00f3n de vulnerabilidad a la educaci\u00f3n superior, mientras que el PIC permitir\u00e1 ampliar la cobertura educativa en el territorio. Por su parte, la estrategia Educaci\u00f3n Superior en Tu Colegio garantizar\u00e1 una oferta acad\u00e9mica accesible y pertinente para los j\u00f3venes.<\/p>\n<p style=\"text-align: justify;\">De esta manera, en un trabajo interinstitucional y con las comunidades, el departamento de Arauca avanza en su firme prop\u00f3sito de un Campus Universitario para la capital comercial, empresarial y comunitaria: Saravena.<\/p>\n<p>[\/et_pb_text][\/et_pb_column][\/et_pb_row][\/et_pb_section]<\/p>\n","protected":false},"excerpt":{"rendered":"<p>Saravena 7 de marzo de 2025.- En un paso trascendental para la educaci\u00f3n superior en el departamento de Arauca, el gobernador Renson Mart\u00ednez Prada anunci\u00f3 la firma del Memorando de Entendimiento entre el Ministerio de Educaci\u00f3n Nacional, la Gobernaci\u00f3n de Arauca y la Universidad Industrial de Santander (UIS). El Gobierno departamental iniciar\u00e1 el proyecto con [&hellip;]<\/p>\n","protected":false},"author":1,"featured_media":10584,"comment_status":"closed","ping_status":"closed","sticky":false,"template":"","format":"standard","meta":{"_et_pb_use_builder":"on","_et_pb_old_content":"","_et_gb_content_width":"","footnotes":""},"categories":[44,6],"tags":[],"class_list":["post-10558","post","type-post","status-publish","format-standard","has-post-thumbnail","hentry","category-gestion","category-noticias"],"_links":{"self":[{"href":"https:\/\/www.sedarauca.edu.co\/index.php\/wp-json\/wp\/v2\/posts\/10558","targetHints":{"allow":["GET"]}}],"collection":[{"href":"https:\/\/www.sedarauca.edu.co\/index.php\/wp-json\/wp\/v2\/posts"}],"about":[{"href":"https:\/\/www.sedarauca.edu.co\/index.php\/wp-json\/wp\/v2\/types\/post"}],"author":[{"embeddable":true,"href":"https:\/\/www.sedarauca.edu.co\/index.php\/wp-json\/wp\/v2\/users\/1"}],"replies":[{"embeddable":true,"href":"https:\/\/www.sedarauca.edu.co\/index.php\/wp-json\/wp\/v2\/comments?post=10558"}],"version-history":[{"count":5,"href":"https:\/\/www.sedarauca.edu.co\/index.php\/wp-json\/wp\/v2\/posts\/10558\/revisions"}],"predecessor-version":[{"id":10594,"href":"https:\/\/www.sedarauca.edu.co\/index.php\/wp-json\/wp\/v2\/posts\/10558\/revisions\/10594"}],"wp:featuredmedia":[{"embeddable":true,"href":"https:\/\/www.sedarauca.edu.co\/index.php\/wp-json\/wp\/v2\/media\/10584"}],"wp:attachment":[{"href":"https:\/\/www.sedarauca.edu.co\/index.php\/wp-json\/wp\/v2\/media?parent=10558"}],"wp:term":[{"taxonomy":"category","embeddable":true,"href":"https:\/\/www.sedarauca.edu.co\/index.php\/wp-json\/wp\/v2\/categories?post=10558"},{"taxonomy":"post_tag","embeddable":true,"href":"https:\/\/www.sedarauca.edu.co\/index.php\/wp-json\/wp\/v2\/tags?post=10558"}],"curies":[{"name":"wp","href":"https:\/\/api.w.org\/{rel}","templated":true}]}}