{"id":10523,"date":"2025-03-14T17:06:00","date_gmt":"2025-03-14T22:06:00","guid":{"rendered":"https:\/\/www.sedarauca.edu.co\/?p=10523"},"modified":"2025-03-14T21:14:37","modified_gmt":"2025-03-15T02:14:37","slug":"los-dias-sabados-15-de-marzo-y-5-de-abril-habra-atencion-al-publico-en-la-gobernacion","status":"publish","type":"post","link":"https:\/\/www.sedarauca.edu.co\/index.php\/2025\/03\/14\/los-dias-sabados-15-de-marzo-y-5-de-abril-habra-atencion-al-publico-en-la-gobernacion\/","title":{"rendered":"Los d\u00edas s\u00e1bados 15 de marzo y 5 de abril habr\u00e1 atenci\u00f3n al p\u00fablico en la Gobernaci\u00f3n"},"content":{"rendered":"\n[et_pb_section fb_built=\u00bb1&#8243; theme_builder_area=\u00bbpost_content\u00bb _builder_version=\u00bb4.27.4&#8243; _module_preset=\u00bbdefault\u00bb][et_pb_row _builder_version=\u00bb4.27.4&#8243; _module_preset=\u00bbdefault\u00bb theme_builder_area=\u00bbpost_content\u00bb][et_pb_column _builder_version=\u00bb4.27.4&#8243; _module_preset=\u00bbdefault\u00bb type=\u00bb4_4&#8243; theme_builder_area=\u00bbpost_content\u00bb][et_pb_text _builder_version=\u00bb4.27.4&#8243; _module_preset=\u00bbdefault\u00bb theme_builder_area=\u00bbpost_content\u00bb hover_enabled=\u00bb0&#8243; sticky_enabled=\u00bb0&#8243;]<p style=\"text-align: justify;\"><strong>Arauca, 14 de marzo de 2025.<\/strong> La Gobernaci\u00f3n de Arauca, mediante el Decreto 413 de 2025, ha decidido modificar temporalmente el horario laboral de los servidores p\u00fablicos del Departamento. Esta medida busca garantizar la continuidad de los servicios p\u00fablicos y compensar las horas que se disfrutar\u00e1n durante la Semana Santa.<\/p>\n<p style=\"text-align: justify;\">En este sentido, se declaran administrativamente h\u00e1biles los s\u00e1bados 15 de marzo y 5 de abril de 2025; por lo tanto, habr\u00e1 atenci\u00f3n al p\u00fablico desde las 8:00 a.m. hasta las 12:00 m. en ambas fechas.<\/p>\n<p style=\"text-align: justify;\">El hecho de compensar las horas que se disfrutar\u00e1n durante la Semana Mayor, permite asegurar y optimizar los recursos en la prestaci\u00f3n de servicios p\u00fablicos, reflejando el compromiso del gobierno departamental con la eficiencia administrativa y la calidad en la atenci\u00f3n\u00a0al\u00a0p\u00fablico.<\/p>[\/et_pb_text][\/et_pb_column][\/et_pb_row][et_pb_row _builder_version=\u00bb4.27.4&#8243; _module_preset=\u00bbdefault\u00bb theme_builder_area=\u00bbpost_content\u00bb link_option_url=\u00bbhttps:\/\/www.sedarauca.edu.co\/wp-content\/uploads\/2025\/03\/DECRETO-N\u00b0-413-DE-2025-SE-MODIFICA-TEMPORALMENTE-EL-HORARIO-LABORAL-DE-LOS-SERVIDORES-PUBLICOS-DEL-DEPARTAMENTO-DE-ARAUCA.pdf\u00bb link_option_url_new_window=\u00bbon\u00bb hover_enabled=\u00bb0&#8243; sticky_enabled=\u00bb0&#8243;][et_pb_column _builder_version=\u00bb4.27.4&#8243; _module_preset=\u00bbdefault\u00bb type=\u00bb4_4&#8243; theme_builder_area=\u00bbpost_content\u00bb][et_pb_code _builder_version=\u00bb4.27.4&#8243; _module_preset=\u00bbdefault\u00bb theme_builder_area=\u00bbpost_content\u00bb link_option_url_new_window=\u00bbon\u00bb link_option_url=\u00bbhttps:\/\/www.sedarauca.edu.co\/wp-content\/uploads\/2025\/03\/DECRETO-N\u00b0-413-DE-2025-SE-MODIFICA-TEMPORALMENTE-EL-HORARIO-LABORAL-DE-LOS-SERVIDORES-PUBLICOS-DEL-DEPARTAMENTO-DE-ARAUCA.pdf\u00bb hover_enabled=\u00bb0&#8243; sticky_enabled=\u00bb0&#8243;]<a href=\"https:\/\/www.sedarauca.edu.co\/wp-content\/uploads\/2025\/03\/DECRETO-N\u00b0-413-DE-2025-SE-MODIFICA-TEMPORALMENTE-EL-HORARIO-LABORAL-DE-LOS-SERVIDORES-PUBLICOS-DEL-DEPARTAMENTO-DE-ARAUCA.pdf\" class=\"pdfemb-viewer\" style=\"\" data-width=\"max\" data-height=\"max\" data-toolbar=\"bottom\" data-toolbar-fixed=\"on\">DECRETO-N\u00b0-413-DE-2025-SE-MODIFICA-TEMPORALMENTE-EL-HORARIO-LABORAL-DE-LOS-SERVIDORES-PUBLICOS-DEL-DEPARTAMENTO-DE-ARAUCA<\/a>[\/et_pb_code][\/et_pb_column][\/et_pb_row][\/et_pb_section]\n","protected":false},"excerpt":{"rendered":"<p>Arauca, 14 de marzo de 2025. La Gobernaci\u00f3n de Arauca, mediante el Decreto 413 de 2025, ha decidido modificar temporalmente el horario laboral de los servidores p\u00fablicos del Departamento. Esta medida busca garantizar la continuidad de los servicios p\u00fablicos y compensar las horas que se disfrutar\u00e1n durante la Semana Santa. En este sentido, se declaran [&hellip;]<\/p>\n","protected":false},"author":1,"featured_media":10524,"comment_status":"closed","ping_status":"closed","sticky":false,"template":"","format":"standard","meta":{"_et_pb_use_builder":"on","_et_pb_old_content":"","_et_gb_content_width":"","footnotes":""},"categories":[21,22,6],"tags":[],"class_list":["post-10523","post","type-post","status-publish","format-standard","has-post-thumbnail","hentry","category-boletin","category-decreto","category-noticias"],"_links":{"self":[{"href":"https:\/\/www.sedarauca.edu.co\/index.php\/wp-json\/wp\/v2\/posts\/10523","targetHints":{"allow":["GET"]}}],"collection":[{"href":"https:\/\/www.sedarauca.edu.co\/index.php\/wp-json\/wp\/v2\/posts"}],"about":[{"href":"https:\/\/www.sedarauca.edu.co\/index.php\/wp-json\/wp\/v2\/types\/post"}],"author":[{"embeddable":true,"href":"https:\/\/www.sedarauca.edu.co\/index.php\/wp-json\/wp\/v2\/users\/1"}],"replies":[{"embeddable":true,"href":"https:\/\/www.sedarauca.edu.co\/index.php\/wp-json\/wp\/v2\/comments?post=10523"}],"version-history":[{"count":4,"href":"https:\/\/www.sedarauca.edu.co\/index.php\/wp-json\/wp\/v2\/posts\/10523\/revisions"}],"predecessor-version":[{"id":10529,"href":"https:\/\/www.sedarauca.edu.co\/index.php\/wp-json\/wp\/v2\/posts\/10523\/revisions\/10529"}],"wp:featuredmedia":[{"embeddable":true,"href":"https:\/\/www.sedarauca.edu.co\/index.php\/wp-json\/wp\/v2\/media\/10524"}],"wp:attachment":[{"href":"https:\/\/www.sedarauca.edu.co\/index.php\/wp-json\/wp\/v2\/media?parent=10523"}],"wp:term":[{"taxonomy":"category","embeddable":true,"href":"https:\/\/www.sedarauca.edu.co\/index.php\/wp-json\/wp\/v2\/categories?post=10523"},{"taxonomy":"post_tag","embeddable":true,"href":"https:\/\/www.sedarauca.edu.co\/index.php\/wp-json\/wp\/v2\/tags?post=10523"}],"curies":[{"name":"wp","href":"https:\/\/api.w.org\/{rel}","templated":true}]}}