{"id":10507,"date":"2025-03-12T16:00:00","date_gmt":"2025-03-12T21:00:00","guid":{"rendered":"https:\/\/www.sedarauca.edu.co\/?p=10507"},"modified":"2025-03-31T18:51:38","modified_gmt":"2025-03-31T23:51:38","slug":"convocatoria-laboral-interna-n-007-de-2025-encargo-vacante-definitiva-de-coordinador-ie-santo-angel","status":"publish","type":"post","link":"https:\/\/www.sedarauca.edu.co\/index.php\/2025\/03\/12\/convocatoria-laboral-interna-n-007-de-2025-encargo-vacante-definitiva-de-coordinador-ie-santo-angel\/","title":{"rendered":"Convocatoria laboral interna N\u00b0 007 de 2025, Encargo Vacante Definitiva de Coordinadores"},"content":{"rendered":"<p>[et_pb_section fb_built=\u00bb1&#8243; _builder_version=\u00bb4.27.4&#8243; _module_preset=\u00bbdefault\u00bb global_colors_info=\u00bb{}\u00bb][et_pb_row _builder_version=\u00bb4.27.4&#8243; _module_preset=\u00bbdefault\u00bb global_colors_info=\u00bb{}\u00bb][et_pb_column type=\u00bb4_4&#8243; _builder_version=\u00bb4.27.4&#8243; _module_preset=\u00bbdefault\u00bb global_colors_info=\u00bb{}\u00bb][et_pb_text _builder_version=\u00bb4.27.4&#8243; _module_preset=\u00bbdefault\u00bb global_colors_info=\u00bb{}\u00bb]<\/p>\n<div class=\"x_elementToProof\" data-ogsc=\"rgb(0, 0, 0)\">\n<p style=\"text-align: justify;\"><strong>Arauca, 12 de marzo de 2025.<\/strong>\u00a0La Secretar\u00eda de Educaci\u00f3n Departamental, a trav\u00e9s de la Convocatoria Laboral Interna No. 007 de 2025, invita a docentes de las instituciones educativas oficiales del departamento de Arauca inscritos en carrera docente, a postularse para el encargo definitivo de los cargos de Coordinadores en vacancia Definitiva para las siguientes I.E. Santo \u00c1ngel del municipio de Arauca; I.E. Filipinas del municipio de Tame y C.E. Panam\u00e1 del municipio de Arauquita; financiada con Recursos del Sistema General de Participaciones \u2013 Educaci\u00f3n.<\/p>\n<p style=\"text-align: justify;\"><strong>Prop\u00f3sito del cargo:<\/strong><\/p>\n<p style=\"text-align: justify;\">El Coordinador, lidera, participa y gestiona el trabajo de los docentes, bajo las orientaciones del rector y junto con este, en los procesos acad\u00e9micos, pedag\u00f3gicos, convivenciales del establecimiento educativo, en las acciones que favorecen el desarrollo de los programas institucionales e interinstitucionales y en las dem\u00e1s actividades definidas en el Proyecto Educativo Institucional \u2014 (PEI).<\/p>\n<p style=\"text-align: justify;\"><strong>Postulaciones:<\/strong><\/p>\n<p style=\"text-align: justify;\"><strong><em>Plazo:<\/em><\/strong> Del 13 al 14 de marzo de 2025.<\/p>\n<p style=\"text-align: justify;\"><strong><em>Lugar de recepci\u00f3n:\u00a0<\/em><\/strong>Plataforma de Servicio de Atenci\u00f3n al Ciudadano (SAC).<\/p>\n<p style=\"text-align: justify;\"><strong><em>Requisito:<\/em><\/strong>\u00a0Adjuntar soportes que certifiquen su experiencia, independientemente de que esta informaci\u00f3n ya est\u00e9 registrada en la hoja de vida.<\/p>\n<p style=\"text-align: justify;\"><em>Consulte los detalles y requisitos de la convocatoria\u00a0en\u00a0el\u00a0PDF.<\/em><\/p>\n<\/div>\n<p>[\/et_pb_text][\/et_pb_column][\/et_pb_row][et_pb_row _builder_version=\u00bb4.27.4&#8243; _module_preset=\u00bbdefault\u00bb link_option_url=\u00bbhttps:\/\/www.sedarauca.edu.co\/wp-content\/uploads\/2025\/03\/CONVOCATORIA-No.-007-DE-2025.pdf\u00bb link_option_url_new_window=\u00bbon\u00bb global_colors_info=\u00bb{}\u00bb][et_pb_column type=\u00bb4_4&#8243; _builder_version=\u00bb4.27.4&#8243; _module_preset=\u00bbdefault\u00bb global_colors_info=\u00bb{}\u00bb][et_pb_code _builder_version=\u00bb4.27.4&#8243; _module_preset=\u00bbdefault\u00bb link_option_url=\u00bbhttps:\/\/www.sedarauca.edu.co\/wp-content\/uploads\/2025\/03\/CONVOCATORIA-No.-007-DE-2025.pdf\u00bb link_option_url_new_window=\u00bbon\u00bb global_colors_info=\u00bb{}\u00bb]<a href=\"https:\/\/www.sedarauca.edu.co\/wp-content\/uploads\/2025\/03\/CONVOCATORIA-No.-007-DE-2025.pdf\" class=\"pdfemb-viewer\" style=\"\" data-width=\"max\" data-height=\"max\" data-toolbar=\"bottom\" data-toolbar-fixed=\"on\">CONVOCATORIA-No.-007-DE-2025<\/a>[\/et_pb_code][\/et_pb_column][\/et_pb_row][et_pb_row _builder_version=\u00bb4.27.4&#8243; _module_preset=\u00bbdefault\u00bb][et_pb_column _builder_version=\u00bb4.27.4&#8243; _module_preset=\u00bbdefault\u00bb type=\u00bb4_4&#8243;][et_pb_divider _builder_version=\u00bb4.27.4&#8243; _module_preset=\u00bbdefault\u00bb divider_weight=\u00bb2px\u00bb hover_enabled=\u00bb0&#8243; sticky_enabled=\u00bb0&#8243;][\/et_pb_divider][\/et_pb_column][\/et_pb_row][et_pb_row _builder_version=\u00bb4.27.4&#8243; _module_preset=\u00bbdefault\u00bb][et_pb_column _builder_version=\u00bb4.27.4&#8243; _module_preset=\u00bbdefault\u00bb type=\u00bb4_4&#8243;][et_pb_text _builder_version=\u00bb4.27.4&#8243; _module_preset=\u00bbdefault\u00bb hover_enabled=\u00bb0&#8243; sticky_enabled=\u00bb0&#8243;]<\/p>\n<h4><strong>Estudio verificaci\u00f3n Convocatoria N\u00b0 007 de 2025:<\/strong><\/h4>\n<p>[\/et_pb_text][\/et_pb_column][\/et_pb_row][et_pb_row _builder_version=\u00bb4.27.4&#8243; _module_preset=\u00bbdefault\u00bb link_option_url=\u00bbhttps:\/\/www.sedarauca.edu.co\/wp-content\/uploads\/2025\/03\/ESTUDIO-DE-VERIFICACION-DE-REQUISITOS-PARA-ENCARGO.pdf\u00bb link_option_url_new_window=\u00bbon\u00bb hover_enabled=\u00bb0&#8243; sticky_enabled=\u00bb0&#8243;][et_pb_column _builder_version=\u00bb4.27.4&#8243; _module_preset=\u00bbdefault\u00bb type=\u00bb4_4&#8243;][et_pb_code _builder_version=\u00bb4.27.4&#8243; _module_preset=\u00bbdefault\u00bb hover_enabled=\u00bb0&#8243; sticky_enabled=\u00bb0&#8243; link_option_url=\u00bbhttps:\/\/www.sedarauca.edu.co\/wp-content\/uploads\/2025\/03\/ESTUDIO-DE-VERIFICACION-DE-REQUISITOS-PARA-ENCARGO.pdf\u00bb link_option_url_new_window=\u00bbon\u00bb]<a href=\"https:\/\/www.sedarauca.edu.co\/wp-content\/uploads\/2025\/03\/ESTUDIO-DE-VERIFICACION-DE-REQUISITOS-PARA-ENCARGO.pdf\" class=\"pdfemb-viewer\" style=\"\" data-width=\"max\" data-height=\"max\" data-toolbar=\"bottom\" data-toolbar-fixed=\"on\">ESTUDIO-DE-VERIFICACION-DE-REQUISITOS-PARA-ENCARGO<\/a>[\/et_pb_code][\/et_pb_column][\/et_pb_row][\/et_pb_section]<\/p>\n","protected":false},"excerpt":{"rendered":"<p>Arauca, 12 de marzo de 2025.\u00a0La Secretar\u00eda de Educaci\u00f3n Departamental, a trav\u00e9s de la Convocatoria Laboral Interna No. 007 de 2025, invita a docentes de las instituciones educativas oficiales del departamento de Arauca inscritos en carrera docente, a postularse para el encargo definitivo de los cargos de Coordinadores en vacancia Definitiva para las siguientes I.E. [&hellip;]<\/p>\n","protected":false},"author":1,"featured_media":10517,"comment_status":"closed","ping_status":"closed","sticky":false,"template":"","format":"standard","meta":{"_et_pb_use_builder":"on","_et_pb_old_content":"","_et_gb_content_width":"","footnotes":""},"categories":[7,25],"tags":[31],"class_list":["post-10507","post","type-post","status-publish","format-standard","has-post-thumbnail","hentry","category-convocatoria","category-publicacion","tag-convocatoria-interna"],"_links":{"self":[{"href":"https:\/\/www.sedarauca.edu.co\/index.php\/wp-json\/wp\/v2\/posts\/10507","targetHints":{"allow":["GET"]}}],"collection":[{"href":"https:\/\/www.sedarauca.edu.co\/index.php\/wp-json\/wp\/v2\/posts"}],"about":[{"href":"https:\/\/www.sedarauca.edu.co\/index.php\/wp-json\/wp\/v2\/types\/post"}],"author":[{"embeddable":true,"href":"https:\/\/www.sedarauca.edu.co\/index.php\/wp-json\/wp\/v2\/users\/1"}],"replies":[{"embeddable":true,"href":"https:\/\/www.sedarauca.edu.co\/index.php\/wp-json\/wp\/v2\/comments?post=10507"}],"version-history":[{"count":13,"href":"https:\/\/www.sedarauca.edu.co\/index.php\/wp-json\/wp\/v2\/posts\/10507\/revisions"}],"predecessor-version":[{"id":10743,"href":"https:\/\/www.sedarauca.edu.co\/index.php\/wp-json\/wp\/v2\/posts\/10507\/revisions\/10743"}],"wp:featuredmedia":[{"embeddable":true,"href":"https:\/\/www.sedarauca.edu.co\/index.php\/wp-json\/wp\/v2\/media\/10517"}],"wp:attachment":[{"href":"https:\/\/www.sedarauca.edu.co\/index.php\/wp-json\/wp\/v2\/media?parent=10507"}],"wp:term":[{"taxonomy":"category","embeddable":true,"href":"https:\/\/www.sedarauca.edu.co\/index.php\/wp-json\/wp\/v2\/categories?post=10507"},{"taxonomy":"post_tag","embeddable":true,"href":"https:\/\/www.sedarauca.edu.co\/index.php\/wp-json\/wp\/v2\/tags?post=10507"}],"curies":[{"name":"wp","href":"https:\/\/api.w.org\/{rel}","templated":true}]}}