{"id":10486,"date":"2025-03-05T08:53:00","date_gmt":"2025-03-05T13:53:00","guid":{"rendered":"https:\/\/www.sedarauca.edu.co\/?p=10486"},"modified":"2025-03-07T14:51:19","modified_gmt":"2025-03-07T19:51:19","slug":"arauca-va-mejor-en-educacion-1-216-nuevos-estudiantes-y-58-docentes-posesionados-impulsan-la-cobertura-y-calidad-educativa","status":"publish","type":"post","link":"https:\/\/www.sedarauca.edu.co\/index.php\/2025\/03\/05\/arauca-va-mejor-en-educacion-1-216-nuevos-estudiantes-y-58-docentes-posesionados-impulsan-la-cobertura-y-calidad-educativa\/","title":{"rendered":"Arauca va mejor en Educaci\u00f3n: 1.216 nuevos estudiantes y 58 docentes posesionados impulsan la cobertura y calidad educativa"},"content":{"rendered":"<p>[et_pb_section fb_built=\u00bb1&#8243; _builder_version=\u00bb4.27.4&#8243; _module_preset=\u00bbdefault\u00bb global_colors_info=\u00bb{}\u00bb][et_pb_row _builder_version=\u00bb4.27.4&#8243; _module_preset=\u00bbdefault\u00bb global_colors_info=\u00bb{}\u00bb][et_pb_column type=\u00bb4_4&#8243; _builder_version=\u00bb4.27.4&#8243; _module_preset=\u00bbdefault\u00bb global_colors_info=\u00bb{}\u00bb][et_pb_text _builder_version=\u00bb4.27.4&#8243; _module_preset=\u00bbdefault\u00bb global_colors_info=\u00bb{}\u00bb]<\/p>\n<p style=\"text-align: justify;\"><strong>Arauca, 3 de marzo de 2025<\/strong>\u00a0\u2013 Durante el mes de febrero, el gobierno departamental de Arauca alcanz\u00f3 importantes logros en el sector educativo, reflejando el compromiso con el acceso y la calidad de la educaci\u00f3n para todos los ni\u00f1os y j\u00f3venes del departamento. Gracias a la estrategia \u201cTodos Al Cole\u201d, 1.216 estudiantes fueron matriculados, lo que permiti\u00f3 aumentar la cobertura educativa al 97%, consolidando un buen avance en la matr\u00edcula escolar.<\/p>\n<p style=\"text-align: justify;\">Este logro es el resultado de la estrategia conjunta de b\u00fasqueda activa de poblaci\u00f3n desescolarizada, en la que participaron las Alcald\u00edas e Instituciones Educativas Oficiales, y que permiti\u00f3 que padres de familia inscribieran a sus hijos en las aulas. La meta es que, la primera semana de abril, se haya alcanzado el 100% de cobertura en todo el Departamento.<\/p>\n<p>[\/et_pb_text][\/et_pb_column][\/et_pb_row][et_pb_row _builder_version=\u00bb4.27.4&#8243; _module_preset=\u00bbdefault\u00bb global_colors_info=\u00bb{}\u00bb][et_pb_column type=\u00bb4_4&#8243; _builder_version=\u00bb4.27.4&#8243; _module_preset=\u00bbdefault\u00bb global_colors_info=\u00bb{}\u00bb][et_pb_gallery gallery_ids=\u00bb10490,10491,10492,10493,10494&#8243; gallery_orderby=\u00bbrand\u00bb show_title_and_caption=\u00bboff\u00bb _builder_version=\u00bb4.27.4&#8243; _module_preset=\u00bbdefault\u00bb global_colors_info=\u00bb{}\u00bb][\/et_pb_gallery][\/et_pb_column][\/et_pb_row][et_pb_row _builder_version=\u00bb4.27.4&#8243; _module_preset=\u00bbdefault\u00bb global_colors_info=\u00bb{}\u00bb][et_pb_column type=\u00bb4_4&#8243; _builder_version=\u00bb4.27.4&#8243; _module_preset=\u00bbdefault\u00bb global_colors_info=\u00bb{}\u00bb][et_pb_text _builder_version=\u00bb4.27.4&#8243; _module_preset=\u00bbdefault\u00bb custom_margin=\u00bb-50px||||false|false\u00bb hover_enabled=\u00bb0&#8243; global_colors_info=\u00bb{}\u00bb sticky_enabled=\u00bb0&#8243;]<\/p>\n<p style=\"text-align: justify;\">Por otra parte, la ampliaci\u00f3n de la planta docente tambi\u00e9n fue un tema prioritario en febrero. Se posesionaron 58 nuevos docentes entre la planta global y las plantas temporales (Programas de Primera Infancia Feliz y Protegida, Sistema de Media y Educaci\u00f3n Superior &#8211; SIMES), quienes se suman al compromiso de brindar una educaci\u00f3n de calidad en las aulas del departamento. Esta inversi\u00f3n en talento humano tiene un impacto directo en la mejora de los procesos educativos, ya que m\u00e1s docentes implican una mejor atenci\u00f3n y una mayor capacidad para responder a las necesidades educativas de nuestros estudiantes.<\/p>\n<p>[\/et_pb_text][\/et_pb_column][\/et_pb_row][et_pb_row _builder_version=\u00bb4.27.4&#8243; _module_preset=\u00bbdefault\u00bb column_structure=\u00bb1_5,3_5,1_5&#8243;][et_pb_column _builder_version=\u00bb4.27.4&#8243; _module_preset=\u00bbdefault\u00bb type=\u00bb1_5&#8243;][\/et_pb_column][et_pb_column _builder_version=\u00bb4.27.4&#8243; _module_preset=\u00bbdefault\u00bb type=\u00bb3_5&#8243;][et_pb_video src=\u00bbhttps:\/\/youtu.be\/zUW8inl_2yE\u00bb _builder_version=\u00bb4.27.4&#8243; _module_preset=\u00bbdefault\u00bb border_radii=\u00bbon|30px|30px|30px|30px\u00bb hover_enabled=\u00bb0&#8243; sticky_enabled=\u00bb0&#8243;][\/et_pb_video][\/et_pb_column][et_pb_column _builder_version=\u00bb4.27.4&#8243; _module_preset=\u00bbdefault\u00bb type=\u00bb1_5&#8243;][\/et_pb_column][\/et_pb_row][et_pb_row _builder_version=\u00bb4.27.4&#8243; _module_preset=\u00bbdefault\u00bb][et_pb_column _builder_version=\u00bb4.27.4&#8243; _module_preset=\u00bbdefault\u00bb type=\u00bb4_4&#8243;][et_pb_text _builder_version=\u00bb4.27.4&#8243; _module_preset=\u00bbdefault\u00bb hover_enabled=\u00bb0&#8243; sticky_enabled=\u00bb0&#8243;]<\/p>\n<p style=\"text-align: justify;\">Estos nuevos docentes no solo representan un aumento en la cantidad de personal educativo, sino que tambi\u00e9n son parte de una estrategia integral para elevar la calidad educativa, permitiendo que m\u00e1s estudiantes reciban la atenci\u00f3n y el acompa\u00f1amiento que necesitan para desarrollar su m\u00e1ximo potencial.<\/p>\n<p style=\"text-align: justify;\">Finalmente, la implementaci\u00f3n de estrategias como el Transporte Escolar Rural, el Programa de Alimentaci\u00f3n Escolar y las residencias escolares han sido claves para garantizar el acceso a la educaci\u00f3n, especialmente en las zonas rurales del departamento. Estos programas benefician a m\u00e1s de 40 mil estudiantes, con inversiones que superan los $ 81 mil millones de pesos.<\/p>\n<p style=\"text-align: justify;\">De esta forma, el ingeniero Renson Mart\u00ednez, gobernador de Arauca, reafirma su compromiso con la educaci\u00f3n como una de las principales prioridades de su administraci\u00f3n y las acciones implementadas en el mes de febrero son solo un ejemplo m\u00e1s de su gesti\u00f3n para asegurar que cada ni\u00f1o, ni\u00f1a y adolescente tenga la oportunidad de acceder a una educaci\u00f3n de calidad.<\/p>\n<p>[\/et_pb_text][\/et_pb_column][\/et_pb_row][\/et_pb_section]<\/p>\n","protected":false},"excerpt":{"rendered":"<p>Arauca, 3 de marzo de 2025\u00a0\u2013 Durante el mes de febrero, el gobierno departamental de Arauca alcanz\u00f3 importantes logros en el sector educativo, reflejando el compromiso con el acceso y la calidad de la educaci\u00f3n para todos los ni\u00f1os y j\u00f3venes del departamento. Gracias a la estrategia \u201cTodos Al Cole\u201d, 1.216 estudiantes fueron matriculados, lo [&hellip;]<\/p>\n","protected":false},"author":1,"featured_media":10487,"comment_status":"closed","ping_status":"closed","sticky":false,"template":"","format":"standard","meta":{"_et_pb_use_builder":"on","_et_pb_old_content":"","_et_gb_content_width":"","footnotes":""},"categories":[44,6],"tags":[],"class_list":["post-10486","post","type-post","status-publish","format-standard","has-post-thumbnail","hentry","category-gestion","category-noticias"],"_links":{"self":[{"href":"https:\/\/www.sedarauca.edu.co\/index.php\/wp-json\/wp\/v2\/posts\/10486","targetHints":{"allow":["GET"]}}],"collection":[{"href":"https:\/\/www.sedarauca.edu.co\/index.php\/wp-json\/wp\/v2\/posts"}],"about":[{"href":"https:\/\/www.sedarauca.edu.co\/index.php\/wp-json\/wp\/v2\/types\/post"}],"author":[{"embeddable":true,"href":"https:\/\/www.sedarauca.edu.co\/index.php\/wp-json\/wp\/v2\/users\/1"}],"replies":[{"embeddable":true,"href":"https:\/\/www.sedarauca.edu.co\/index.php\/wp-json\/wp\/v2\/comments?post=10486"}],"version-history":[{"count":4,"href":"https:\/\/www.sedarauca.edu.co\/index.php\/wp-json\/wp\/v2\/posts\/10486\/revisions"}],"predecessor-version":[{"id":10503,"href":"https:\/\/www.sedarauca.edu.co\/index.php\/wp-json\/wp\/v2\/posts\/10486\/revisions\/10503"}],"wp:featuredmedia":[{"embeddable":true,"href":"https:\/\/www.sedarauca.edu.co\/index.php\/wp-json\/wp\/v2\/media\/10487"}],"wp:attachment":[{"href":"https:\/\/www.sedarauca.edu.co\/index.php\/wp-json\/wp\/v2\/media?parent=10486"}],"wp:term":[{"taxonomy":"category","embeddable":true,"href":"https:\/\/www.sedarauca.edu.co\/index.php\/wp-json\/wp\/v2\/categories?post=10486"},{"taxonomy":"post_tag","embeddable":true,"href":"https:\/\/www.sedarauca.edu.co\/index.php\/wp-json\/wp\/v2\/tags?post=10486"}],"curies":[{"name":"wp","href":"https:\/\/api.w.org\/{rel}","templated":true}]}}