{"id":10335,"date":"2025-02-19T18:38:00","date_gmt":"2025-02-19T23:38:00","guid":{"rendered":"https:\/\/www.sedarauca.edu.co\/?p=10335"},"modified":"2025-02-21T15:10:09","modified_gmt":"2025-02-21T20:10:09","slug":"nueva-citacion-audiencia-virtual-vacancia-definitiva-cnsc","status":"publish","type":"post","link":"https:\/\/www.sedarauca.edu.co\/index.php\/2025\/02\/19\/nueva-citacion-audiencia-virtual-vacancia-definitiva-cnsc\/","title":{"rendered":"Nueva Citaci\u00f3n Audiencia Virtual Vacancia Definitiva \u2013 CNSC"},"content":{"rendered":"<p>[et_pb_section fb_built=\u00bb1&#8243; _builder_version=\u00bb4.27.4&#8243; _module_preset=\u00bbdefault\u00bb global_colors_info=\u00bb{}\u00bb][et_pb_row _builder_version=\u00bb4.27.4&#8243; _module_preset=\u00bbdefault\u00bb global_colors_info=\u00bb{}\u00bb][et_pb_column type=\u00bb4_4&#8243; _builder_version=\u00bb4.27.4&#8243; _module_preset=\u00bbdefault\u00bb global_colors_info=\u00bb{}\u00bb][et_pb_text _builder_version=\u00bb4.27.4&#8243; _module_preset=\u00bbdefault\u00bb custom_margin=\u00bb-20px||||false|false\u00bb global_colors_info=\u00bb{}\u00bb]<\/p>\n<div class=\"x_elementToProof\" data-olk-copy-source=\"MessageBody\" style=\"text-align: justify;\">\n<p>La Entidad Territorial Certificada en Educaci\u00f3n Departamental de Arauca, convoca a audiencia p\u00fablica para \u00a0escogencia de vacante definitiva en establecimiento Educativo, a las OPEC 182538, 182543, 182554, 182565, 182566, 182592, 182603, 182603, 182604, 182608, 182610, 182612, 182614, 182616 y 182619- Rural y No Rural Entidad Territorial Certificada en Educaci\u00f3n Departamental de Arauca, para los cargos de Docente, Coordinador, Director rural, Ciencias naturales \u2013 Qu\u00edmica, Ciencias naturales y educaci\u00f3n ambiental, Educaci\u00f3n f\u00edsica, recreaci\u00f3n y deporte, Educaci\u00f3n religiosa, Humanidades y Lengua castellana, Idioma extranjero ingl\u00e9s, Matem\u00e1ticas, Preescolar, Primaria y Docente orientador.<\/p>\n<p>Proceso de Selecci\u00f3n Directivos Docentes y Docentes &#8211; Poblaci\u00f3n Mayoritaria &#8211; 2150 a 2237 de 2021 y 2316 de 2022.<\/p>\n<p><em>Fecha:<strong>\u00a0<\/strong><\/em><strong>Martes 25 de febrero de\u00a02025.<\/strong><\/p>\n<p><em>Hora:<\/em><strong>\u00a02:00 p. m.<\/strong><\/p>\n<p><em>Link de la audiencia:<br \/><\/em><a href=\"https:\/\/teams.microsoft.com\/l\/meetup-join\/19%3ameeting_NTYzMmNjZDktMGE1MS00OWYzLThjYTYtZTFiYmExNGY2MjMy%40thread.v2\/0?context=%7b%22Tid%22%3a%22e1fe57c8-bc2b-42ef-b0ec-066fb1e1cef1%22%2c%22Oid%22%3a%22401a3fbe-c792-4a08-a4fb-f97c3b48f8db%22%7d\">https:\/\/teams.microsoft.com\/l\/meetup-join\/19%3ameeting_NTYzMmNjZDktMGE1MS00OWYzLThjYTYtZTFiYmExNGY2MjMy%40thread.v2\/0?context=%7b%22Tid%22%3a%22e1fe57c8-bc2b-42ef-b0ec-066fb1e1cef1%22%2c%22Oid%22%3a%22401a3fbe-c792-4a08-a4fb-f97c3b48f8db%22%7d<\/a><\/p>\n<p>&nbsp;<\/p>\n<\/div>\n<p>[\/et_pb_text][\/et_pb_column][\/et_pb_row][et_pb_row _builder_version=\u00bb4.27.4&#8243; _module_preset=\u00bbdefault\u00bb global_colors_info=\u00bb{}\u00bb][et_pb_column type=\u00bb4_4&#8243; _builder_version=\u00bb4.27.4&#8243; _module_preset=\u00bbdefault\u00bb global_colors_info=\u00bb{}\u00bb][et_pb_divider _builder_version=\u00bb4.27.4&#8243; _module_preset=\u00bbdefault\u00bb global_colors_info=\u00bb{}\u00bb][\/et_pb_divider][\/et_pb_column][\/et_pb_row][et_pb_row _builder_version=\u00bb4.27.4&#8243; _module_preset=\u00bbdefault\u00bb link_option_url=\u00bbhttps:\/\/www.sedarauca.edu.co\/wp-content\/uploads\/2025\/02\/25_02_2025_opec_docente_departamento_de_arauca.pdf\u00bb link_option_url_new_window=\u00bbon\u00bb global_colors_info=\u00bb{}\u00bb][et_pb_column type=\u00bb4_4&#8243; _builder_version=\u00bb4.27.4&#8243; _module_preset=\u00bbdefault\u00bb global_colors_info=\u00bb{}\u00bb][et_pb_code _builder_version=\u00bb4.27.4&#8243; _module_preset=\u00bbdefault\u00bb link_option_url=\u00bbhttps:\/\/www.sedarauca.edu.co\/wp-content\/uploads\/2025\/02\/25_02_2025_opec_docente_departamento_de_arauca.pdf\u00bb link_option_url_new_window=\u00bbon\u00bb global_colors_info=\u00bb{}\u00bb]<a href=\"https:\/\/www.sedarauca.edu.co\/wp-content\/uploads\/2025\/02\/25_02_2025_opec_docente_departamento_de_arauca.pdf\" class=\"pdfemb-viewer\" style=\"\" data-width=\"max\" data-height=\"max\" data-toolbar=\"bottom\" data-toolbar-fixed=\"on\">25_02_2025_opec_docente_departamento_de_arauca<\/a>[\/et_pb_code][\/et_pb_column][\/et_pb_row][et_pb_row _builder_version=\u00bb4.27.4&#8243; _module_preset=\u00bbdefault\u00bb global_colors_info=\u00bb{}\u00bb][et_pb_column type=\u00bb4_4&#8243; _builder_version=\u00bb4.27.4&#8243; _module_preset=\u00bbdefault\u00bb global_colors_info=\u00bb{}\u00bb][et_pb_divider _builder_version=\u00bb4.27.4&#8243; _module_preset=\u00bbdefault\u00bb global_colors_info=\u00bb{}\u00bb][\/et_pb_divider][\/et_pb_column][\/et_pb_row][et_pb_row _builder_version=\u00bb4.27.4&#8243; _module_preset=\u00bbdefault\u00bb link_option_url=\u00bbhttps:\/\/www.sedarauca.edu.co\/wp-content\/uploads\/2025\/02\/25_02_2025_audiencia_docente_departamento_de_arauca-1.pdf\u00bb link_option_url_new_window=\u00bbon\u00bb hover_enabled=\u00bb0&#8243; global_colors_info=\u00bb{}\u00bb sticky_enabled=\u00bb0&#8243;][et_pb_column type=\u00bb4_4&#8243; _builder_version=\u00bb4.27.4&#8243; _module_preset=\u00bbdefault\u00bb global_colors_info=\u00bb{}\u00bb][et_pb_code _builder_version=\u00bb4.27.4&#8243; _module_preset=\u00bbdefault\u00bb link_option_url=\u00bbhttps:\/\/www.sedarauca.edu.co\/wp-content\/uploads\/2025\/02\/25_02_2025_audiencia_docente_departamento_de_arauca-1.pdf\u00bb link_option_url_new_window=\u00bbon\u00bb hover_enabled=\u00bb0&#8243; global_colors_info=\u00bb{}\u00bb sticky_enabled=\u00bb0&#8243;]<a href=\"https:\/\/www.sedarauca.edu.co\/wp-content\/uploads\/2025\/02\/25_02_2025_audiencia_docente_departamento_de_arauca-1.pdf\" class=\"pdfemb-viewer\" style=\"\" data-width=\"max\" data-height=\"max\" data-toolbar=\"bottom\" data-toolbar-fixed=\"on\">25_02_2025_audiencia_docente_departamento_de_arauca-1<\/a>[\/et_pb_code][\/et_pb_column][\/et_pb_row][\/et_pb_section]<\/p>\n","protected":false},"excerpt":{"rendered":"<p>La Entidad Territorial Certificada en Educaci\u00f3n Departamental de Arauca, convoca a audiencia p\u00fablica para \u00a0escogencia de vacante definitiva en establecimiento Educativo, a las OPEC 182538, 182543, 182554, 182565, 182566, 182592, 182603, 182603, 182604, 182608, 182610, 182612, 182614, 182616 y 182619- Rural y No Rural Entidad Territorial Certificada en Educaci\u00f3n Departamental de Arauca, para los cargos [&hellip;]<\/p>\n","protected":false},"author":1,"featured_media":10336,"comment_status":"closed","ping_status":"closed","sticky":false,"template":"","format":"standard","meta":{"_et_pb_use_builder":"on","_et_pb_old_content":"","_et_gb_content_width":"","footnotes":""},"categories":[7,25],"tags":[],"class_list":["post-10335","post","type-post","status-publish","format-standard","has-post-thumbnail","hentry","category-convocatoria","category-publicacion"],"_links":{"self":[{"href":"https:\/\/www.sedarauca.edu.co\/index.php\/wp-json\/wp\/v2\/posts\/10335","targetHints":{"allow":["GET"]}}],"collection":[{"href":"https:\/\/www.sedarauca.edu.co\/index.php\/wp-json\/wp\/v2\/posts"}],"about":[{"href":"https:\/\/www.sedarauca.edu.co\/index.php\/wp-json\/wp\/v2\/types\/post"}],"author":[{"embeddable":true,"href":"https:\/\/www.sedarauca.edu.co\/index.php\/wp-json\/wp\/v2\/users\/1"}],"replies":[{"embeddable":true,"href":"https:\/\/www.sedarauca.edu.co\/index.php\/wp-json\/wp\/v2\/comments?post=10335"}],"version-history":[{"count":7,"href":"https:\/\/www.sedarauca.edu.co\/index.php\/wp-json\/wp\/v2\/posts\/10335\/revisions"}],"predecessor-version":[{"id":10355,"href":"https:\/\/www.sedarauca.edu.co\/index.php\/wp-json\/wp\/v2\/posts\/10335\/revisions\/10355"}],"wp:featuredmedia":[{"embeddable":true,"href":"https:\/\/www.sedarauca.edu.co\/index.php\/wp-json\/wp\/v2\/media\/10336"}],"wp:attachment":[{"href":"https:\/\/www.sedarauca.edu.co\/index.php\/wp-json\/wp\/v2\/media?parent=10335"}],"wp:term":[{"taxonomy":"category","embeddable":true,"href":"https:\/\/www.sedarauca.edu.co\/index.php\/wp-json\/wp\/v2\/categories?post=10335"},{"taxonomy":"post_tag","embeddable":true,"href":"https:\/\/www.sedarauca.edu.co\/index.php\/wp-json\/wp\/v2\/tags?post=10335"}],"curies":[{"name":"wp","href":"https:\/\/api.w.org\/{rel}","templated":true}]}}