{"id":10317,"date":"2025-02-15T20:40:00","date_gmt":"2025-02-16T01:40:00","guid":{"rendered":"https:\/\/www.sedarauca.edu.co\/?p=10317"},"modified":"2025-02-18T09:50:41","modified_gmt":"2025-02-18T14:50:41","slug":"gobernacion-de-arauca-avanza-en-la-busqueda-activa-de-poblacion-desescolarizada-2","status":"publish","type":"post","link":"https:\/\/www.sedarauca.edu.co\/index.php\/2025\/02\/15\/gobernacion-de-arauca-avanza-en-la-busqueda-activa-de-poblacion-desescolarizada-2\/","title":{"rendered":"Gobernaci\u00f3n de Arauca avanza en la b\u00fasqueda activa de poblaci\u00f3n desescolarizada"},"content":{"rendered":"<p>[et_pb_section fb_built=\u00bb1&#8243; theme_builder_area=\u00bbpost_content\u00bb _builder_version=\u00bb4.27.4&#8243; _module_preset=\u00bbdefault\u00bb][et_pb_row _builder_version=\u00bb4.27.4&#8243; _module_preset=\u00bbdefault\u00bb theme_builder_area=\u00bbpost_content\u00bb][et_pb_column _builder_version=\u00bb4.27.4&#8243; _module_preset=\u00bbdefault\u00bb type=\u00bb4_4&#8243; theme_builder_area=\u00bbpost_content\u00bb][et_pb_text _builder_version=\u00bb4.27.4&#8243; _module_preset=\u00bbdefault\u00bb theme_builder_area=\u00bbpost_content\u00bb custom_margin=\u00bb-20px||||false|false\u00bb hover_enabled=\u00bb0&#8243; sticky_enabled=\u00bb0&#8243;]<\/p>\n<p style=\"text-align: justify;\"><strong>Arauca, 14 de febrero de 2025.<\/strong> La Secretar\u00eda de Educaci\u00f3n Departamental dio inicio esta semana al recorrido por los municipios para impulsar la estrategia de b\u00fasqueda activa de ni\u00f1os, ni\u00f1as y adolescentes que a\u00fan no han ingresado al sistema educativo. Arauca, Arauquita y Saravena fueron los primeros territorios visitados en este esfuerzo por garantizar el derecho a la educaci\u00f3n.<\/p>\n<p style=\"text-align: justify;\">En cada municipio, el secretario de Educaci\u00f3n Departamental, Ariel Pedraza Pinz\u00f3n, lider\u00f3 la Mesa de Trabajo Institucional de Contingencia, un espacio de di\u00e1logo con rectores, coordinadores y personal administrativo en el que se abordaron temas clave para fortalecer el acceso y la permanencia en las aulas. <\/p>\n<p>[\/et_pb_text][\/et_pb_column][\/et_pb_row][et_pb_row _builder_version=\u00bb4.27.4&#8243; _module_preset=\u00bbdefault\u00bb theme_builder_area=\u00bbpost_content\u00bb][et_pb_column _builder_version=\u00bb4.27.4&#8243; _module_preset=\u00bbdefault\u00bb type=\u00bb4_4&#8243; theme_builder_area=\u00bbpost_content\u00bb][et_pb_gallery _builder_version=\u00bb4.27.4&#8243; _module_preset=\u00bbdefault\u00bb theme_builder_area=\u00bbpost_content\u00bb gallery_ids=\u00bb10321,10322,10323,10324,10325,10326,10327,10328,10329,10330,10331&#8243; gallery_orderby=\u00bbrand\u00bb hover_enabled=\u00bb0&#8243; sticky_enabled=\u00bb0&#8243;][\/et_pb_gallery][\/et_pb_column][\/et_pb_row][et_pb_row _builder_version=\u00bb4.27.4&#8243; _module_preset=\u00bbdefault\u00bb theme_builder_area=\u00bbpost_content\u00bb][et_pb_column _builder_version=\u00bb4.27.4&#8243; _module_preset=\u00bbdefault\u00bb type=\u00bb4_4&#8243; theme_builder_area=\u00bbpost_content\u00bb][et_pb_text _builder_version=\u00bb4.27.4&#8243; _module_preset=\u00bbdefault\u00bb theme_builder_area=\u00bbpost_content\u00bb custom_margin=\u00bb-60px||||false|false\u00bb hover_enabled=\u00bb0&#8243; sticky_enabled=\u00bb0&#8243;]<\/p>\n<p style=\"text-align: justify;\"><em>Entre los principales puntos tratados estuvieron:<\/em><\/p>\n<p style=\"text-align: justify;\">&#8211; Comportamiento de matr\u00edcula y estrategias de b\u00fasqueda activa, con \u00e9nfasis en la inscripci\u00f3n de los estudiantes a\u00fan pendientes.<\/p>\n<p style=\"text-align: justify;\">&#8211; Tiempo escolar en aula, asegurando que los estudiantes cuenten con las condiciones adecuadas para su formaci\u00f3n.<\/p>\n<p style=\"text-align: justify;\">&#8211; Dotaci\u00f3n, mobiliario y depuraci\u00f3n de inventarios, garantizando el uso eficiente de los recursos.<\/p>\n<p style=\"text-align: justify;\">&#8211; Fondos de servicios educativos, con seguimiento a su comportamiento y rendici\u00f3n de cuentas.<\/p>\n<p style=\"text-align: justify;\">&#8211; Estrategias para el ahorro de energ\u00eda, promoviendo el uso responsable en las instituciones.<\/p>\n<p style=\"text-align: justify;\">El compromiso de la Gobernaci\u00f3n de Arauca es claro: ning\u00fan ni\u00f1o, ni\u00f1a o joven debe quedarse por fuera del sistema educativo. Por eso, este recorrido continuar\u00e1 en los dem\u00e1s municipios, sumando esfuerzos con cada comunidad educativa para lograr una cobertura\u00a0total.<\/p>\n<p>[\/et_pb_text][\/et_pb_column][\/et_pb_row][\/et_pb_section]<\/p>\n","protected":false},"excerpt":{"rendered":"<p>Arauca, 14 de febrero de 2025. La Secretar\u00eda de Educaci\u00f3n Departamental dio inicio esta semana al recorrido por los municipios para impulsar la estrategia de b\u00fasqueda activa de ni\u00f1os, ni\u00f1as y adolescentes que a\u00fan no han ingresado al sistema educativo. Arauca, Arauquita y Saravena fueron los primeros territorios visitados en este esfuerzo por garantizar el [&hellip;]<\/p>\n","protected":false},"author":1,"featured_media":10318,"comment_status":"closed","ping_status":"closed","sticky":false,"template":"","format":"standard","meta":{"_et_pb_use_builder":"on","_et_pb_old_content":"","_et_gb_content_width":"","footnotes":""},"categories":[21,6],"tags":[],"class_list":["post-10317","post","type-post","status-publish","format-standard","has-post-thumbnail","hentry","category-boletin","category-noticias"],"_links":{"self":[{"href":"https:\/\/www.sedarauca.edu.co\/index.php\/wp-json\/wp\/v2\/posts\/10317","targetHints":{"allow":["GET"]}}],"collection":[{"href":"https:\/\/www.sedarauca.edu.co\/index.php\/wp-json\/wp\/v2\/posts"}],"about":[{"href":"https:\/\/www.sedarauca.edu.co\/index.php\/wp-json\/wp\/v2\/types\/post"}],"author":[{"embeddable":true,"href":"https:\/\/www.sedarauca.edu.co\/index.php\/wp-json\/wp\/v2\/users\/1"}],"replies":[{"embeddable":true,"href":"https:\/\/www.sedarauca.edu.co\/index.php\/wp-json\/wp\/v2\/comments?post=10317"}],"version-history":[{"count":3,"href":"https:\/\/www.sedarauca.edu.co\/index.php\/wp-json\/wp\/v2\/posts\/10317\/revisions"}],"predecessor-version":[{"id":10332,"href":"https:\/\/www.sedarauca.edu.co\/index.php\/wp-json\/wp\/v2\/posts\/10317\/revisions\/10332"}],"wp:featuredmedia":[{"embeddable":true,"href":"https:\/\/www.sedarauca.edu.co\/index.php\/wp-json\/wp\/v2\/media\/10318"}],"wp:attachment":[{"href":"https:\/\/www.sedarauca.edu.co\/index.php\/wp-json\/wp\/v2\/media?parent=10317"}],"wp:term":[{"taxonomy":"category","embeddable":true,"href":"https:\/\/www.sedarauca.edu.co\/index.php\/wp-json\/wp\/v2\/categories?post=10317"},{"taxonomy":"post_tag","embeddable":true,"href":"https:\/\/www.sedarauca.edu.co\/index.php\/wp-json\/wp\/v2\/tags?post=10317"}],"curies":[{"name":"wp","href":"https:\/\/api.w.org\/{rel}","templated":true}]}}