{"id":10294,"date":"2025-02-11T18:44:51","date_gmt":"2025-02-11T23:44:51","guid":{"rendered":"https:\/\/www.sedarauca.edu.co\/?p=10294"},"modified":"2025-02-11T19:15:03","modified_gmt":"2025-02-12T00:15:03","slug":"inicia-la-busqueda-activa-de-poblacion-desescolarizada-en-el-departamento-de-arauca","status":"publish","type":"post","link":"https:\/\/www.sedarauca.edu.co\/index.php\/2025\/02\/11\/inicia-la-busqueda-activa-de-poblacion-desescolarizada-en-el-departamento-de-arauca\/","title":{"rendered":"Inicia la B\u00fasqueda Activa de poblaci\u00f3n desescolarizada en el departamento de Arauca"},"content":{"rendered":"<p>[et_pb_section fb_built=\u00bb1&#8243; theme_builder_area=\u00bbpost_content\u00bb _builder_version=\u00bb4.27.4&#8243; _module_preset=\u00bbdefault\u00bb][et_pb_row _builder_version=\u00bb4.27.4&#8243; _module_preset=\u00bbdefault\u00bb theme_builder_area=\u00bbpost_content\u00bb][et_pb_column _builder_version=\u00bb4.27.4&#8243; _module_preset=\u00bbdefault\u00bb type=\u00bb4_4&#8243; theme_builder_area=\u00bbpost_content\u00bb][et_pb_text _builder_version=\u00bb4.27.4&#8243; _module_preset=\u00bbdefault\u00bb theme_builder_area=\u00bbpost_content\u00bb custom_margin=\u00bb-30px||||false|false\u00bb hover_enabled=\u00bb0&#8243; sticky_enabled=\u00bb0&#8243;]<\/p>\n<div data-ogsc=\"black\" style=\"text-align: center;\"><em>La Gobernaci\u00f3n de Arauca hace un llamado urgente para garantizar matr\u00edcula escolar del 100% en 2025.<\/em><\/div>\n<div data-ogsc=\"black\" style=\"text-align: center;\"><em>La estrategia \u2018B\u00fasqueda Activa de Estudiantes\u2019 tiene como prop\u00f3sito identificar y apoyar a ni\u00f1as, ni\u00f1os y adolescentes, para que inicien o completen sus estudios en el sistema p\u00fablico.<\/em><\/div>\n<div data-ogsc=\"black\" style=\"text-align: center;\"><em>Este esfuerzo busca superar el 100% de la matr\u00edcula proyectada, con el objetivo de que ning\u00fan estudiante quede fuera del sistema educativo<\/em><\/div>\n<p>[\/et_pb_text][\/et_pb_column][\/et_pb_row][et_pb_row _builder_version=\u00bb4.27.4&#8243; _module_preset=\u00bbdefault\u00bb theme_builder_area=\u00bbpost_content\u00bb][et_pb_column _builder_version=\u00bb4.27.4&#8243; _module_preset=\u00bbdefault\u00bb type=\u00bb4_4&#8243; theme_builder_area=\u00bbpost_content\u00bb][et_pb_text _builder_version=\u00bb4.27.4&#8243; _module_preset=\u00bbdefault\u00bb theme_builder_area=\u00bbpost_content\u00bb hover_enabled=\u00bb0&#8243; sticky_enabled=\u00bb0&#8243;]<\/p>\n<div data-ogsc=\"black\" style=\"text-align: justify;\"><b data-ogsc=\"\" data-olk-copy-source=\"MessageBody\">Arauca, 7 de febrero de 2025.<\/b>\u00a0\u00a0En Arauca se llev\u00f3 a cabo el primer encuentro virtual entre secretarios y l\u00edderes del sector educativo del departamento de Arauca, en el que el secretario de Educaci\u00f3n, Ariel Pedraza Pinz\u00f3n, present\u00f3 las estad\u00edsticas de matr\u00edcula escolar correspondientes a cada uno de los siete municipios. Durante la reuni\u00f3n, se abord\u00f3 con urgencia el tema de la matr\u00edcula escolar para el a\u00f1o 2025, en la que a\u00fan hay un n\u00famero significativo de estudiantes por matricular.<\/div>\n<div aria-hidden=\"true\" data-ogsc=\"black\">\u00a0<\/div>\n<div data-ogsc=\"black\">El secretario Pedraza expres\u00f3 su preocupaci\u00f3n por los 2.943 ni\u00f1os, ni\u00f1as y j\u00f3venes que a\u00fan no han sido matriculados, a pesar de los esfuerzos realizados desde el inicio de la campa\u00f1a de matr\u00edcula escolar \u00abTodos al cole\u00bb, lanzada en diciembre de 2024. En este sentido, el gobierno departamental hace un llamado a la comunidad para garantizar que ning\u00fan estudiante quede fuera del sistema educativo.<\/div>\n<div aria-hidden=\"true\" data-ogsc=\"black\">\u00a0<\/div>\n<div data-ogsc=\"black\">En cuanto a los avances de la matr\u00edcula en las instituciones educativas oficiales del departamento, el total de la matr\u00edcula proyectada para el 2025 es de 56.225 estudiantes, lo que representa un 95% de cobertura. Sin embargo, a\u00fan faltan casi 3.000 estudiantes por matricular.<\/div>\n<div aria-hidden=\"true\" data-ogsc=\"black\">\u00a0<\/div>\n<div data-ogsc=\"black\">Desglosando los resultados por municipio, Arauca ha logrado registrar al 94% de los estudiantes proyectados, con un total de 16.566 matriculados. Arauquita se destaca con un 97% de matr\u00edcula, lo que representa a 9.394 estudiantes. En Cravo Norte, el porcentaje alcanza el 90%, con 678 estudiantes matriculados, mientras que Fortul ha logrado un 95%, con 4.460 estudiantes registrados. Puerto Rond\u00f3n reporta un 92%, con 739 estudiantes, y Saravena, tambi\u00e9n con un 97%, ha matriculado a 11.560 j\u00f3venes. Finalmente, Tame, con un 95% de cobertura, ha registrado a 12.838 estudiantes.<\/div>\n<p>[\/et_pb_text][\/et_pb_column][\/et_pb_row][et_pb_row _builder_version=\u00bb4.27.4&#8243; _module_preset=\u00bbdefault\u00bb column_structure=\u00bb1_5,3_5,1_5&#8243; theme_builder_area=\u00bbpost_content\u00bb][et_pb_column _builder_version=\u00bb4.27.4&#8243; _module_preset=\u00bbdefault\u00bb type=\u00bb1_5&#8243; theme_builder_area=\u00bbpost_content\u00bb][\/et_pb_column][et_pb_column _builder_version=\u00bb4.27.4&#8243; _module_preset=\u00bbdefault\u00bb type=\u00bb3_5&#8243; theme_builder_area=\u00bbpost_content\u00bb][et_pb_image src=\u00bbhttps:\/\/www.sedarauca.edu.co\/wp-content\/uploads\/2025\/02\/Avances-Matricula-Feb-2025.jpg\u00bb _builder_version=\u00bb4.27.4&#8243; _module_preset=\u00bbdefault\u00bb theme_builder_area=\u00bbpost_content\u00bb title_text=\u00bbAvances Matr\u00edcula Feb 2025+\u00bb hover_enabled=\u00bb0&#8243; sticky_enabled=\u00bb0&#8243;][\/et_pb_image][\/et_pb_column][et_pb_column _builder_version=\u00bb4.27.4&#8243; _module_preset=\u00bbdefault\u00bb type=\u00bb1_5&#8243; theme_builder_area=\u00bbpost_content\u00bb][\/et_pb_column][\/et_pb_row][et_pb_row _builder_version=\u00bb4.27.4&#8243; _module_preset=\u00bbdefault\u00bb theme_builder_area=\u00bbpost_content\u00bb][et_pb_column _builder_version=\u00bb4.27.4&#8243; _module_preset=\u00bbdefault\u00bb type=\u00bb4_4&#8243; theme_builder_area=\u00bbpost_content\u00bb][et_pb_text _builder_version=\u00bb4.27.4&#8243; _module_preset=\u00bbdefault\u00bb theme_builder_area=\u00bbpost_content\u00bb hover_enabled=\u00bb0&#8243; sticky_enabled=\u00bb0&#8243;]<\/p>\n<div data-ogsc=\"black\" data-olk-copy-source=\"MessageBody\" style=\"text-align: justify;\">A pesar de estos avances, todav\u00eda faltan cerca de 3.000 estudiantes por matricular. Con ello en mente, el Secretario de Educaci\u00f3n reiter\u00f3 el llamado a todos los actores de la comunidad educativa a colaborar en la tarea de matricular a los estudiantes restantes. \u00abCada estudiante cuenta, y queremos que nadie se quede fuera del sistema educativo\u00bb, subray\u00f3 Pedraza, destacando que este esfuerzo es clave no solo para garantizar el derecho a la educaci\u00f3n, sino tambi\u00e9n porque la asignaci\u00f3n de recursos por parte del gobierno nacional depende directamente de la matr\u00edcula escolar oficial.<\/div>\n<div aria-hidden=\"true\" data-ogsc=\"black\" style=\"text-align: justify;\">\u00a0<\/div>\n<div data-ogsc=\"black\" style=\"text-align: justify;\">Desde el inicio de la campa\u00f1a \u00abTodos al cole\u00bb, la Gobernaci\u00f3n de Arauca ha motivado a los padres de familia a realizar con tiempo la matr\u00edcula de sus hijos y ha instado a las instituciones educativas a agilizar los procesos. El Secretario de Educaci\u00f3n record\u00f3 que, adem\u00e1s de ser un derecho fundamental, la matr\u00edcula escolar tiene un impacto directo en la asignaci\u00f3n de recursos para el sector educativo, lo que hace a\u00fan m\u00e1s crucial completar este proceso lo antes posible.<\/div>\n<div aria-hidden=\"true\" data-ogsc=\"black\" style=\"text-align: justify;\">\u00a0<\/div>\n<div data-ogsc=\"black\" style=\"text-align: justify;\">Para los padres de familia que a\u00fan no han matriculado a sus hijos, est\u00e1n a tiempo de hacerlo. Pueden acercarse a la instituci\u00f3n educativa m\u00e1s cercana a su lugar de residencia o dirigirse a las secretar\u00edas de educaci\u00f3n municipales o alcald\u00edas para recibir apoyo y orientaci\u00f3n en la b\u00fasqueda de cupos escolares.<\/div>\n<div aria-hidden=\"true\" data-ogsc=\"black\" style=\"text-align: justify;\">\u00a0<\/div>\n<div data-ogsc=\"black\" style=\"text-align: justify;\">De igual manera, la Secretar\u00eda de Educaci\u00f3n Departamental ha dispuesto canales virtuales y telef\u00f3nicos para brindar asistencia. Los interesados pueden escribir sus solicitudes al correo cobertura@sedarauca.edu.co o llamar al n\u00famero celular 3019370413, e indicar datos como nombres y apellidos del menor, n\u00famero de documento, edad, grado a matricular, direcci\u00f3n de residencia y tel\u00e9fono de contacto.<\/div>\n<p>[\/et_pb_text][\/et_pb_column][\/et_pb_row][et_pb_row _builder_version=\u00bb4.27.4&#8243; _module_preset=\u00bbdefault\u00bb column_structure=\u00bb1_5,3_5,1_5&#8243; theme_builder_area=\u00bbpost_content\u00bb][et_pb_column _builder_version=\u00bb4.27.4&#8243; _module_preset=\u00bbdefault\u00bb type=\u00bb1_5&#8243; theme_builder_area=\u00bbpost_content\u00bb][\/et_pb_column][et_pb_column _builder_version=\u00bb4.27.4&#8243; _module_preset=\u00bbdefault\u00bb type=\u00bb3_5&#8243; theme_builder_area=\u00bbpost_content\u00bb][et_pb_video src=\u00bbhttps:\/\/youtu.be\/NHEJmiGBZR4&#8243; _builder_version=\u00bb4.27.4&#8243; _module_preset=\u00bbdefault\u00bb theme_builder_area=\u00bbpost_content\u00bb border_radii=\u00bbon|30px|30px|30px|30px\u00bb hover_enabled=\u00bb0&#8243; sticky_enabled=\u00bb0&#8243;][\/et_pb_video][\/et_pb_column][et_pb_column _builder_version=\u00bb4.27.4&#8243; _module_preset=\u00bbdefault\u00bb type=\u00bb1_5&#8243; theme_builder_area=\u00bbpost_content\u00bb][\/et_pb_column][\/et_pb_row][et_pb_row _builder_version=\u00bb4.27.4&#8243; _module_preset=\u00bbdefault\u00bb theme_builder_area=\u00bbpost_content\u00bb][et_pb_column _builder_version=\u00bb4.27.4&#8243; _module_preset=\u00bbdefault\u00bb type=\u00bb4_4&#8243; theme_builder_area=\u00bbpost_content\u00bb][et_pb_text _builder_version=\u00bb4.27.4&#8243; _module_preset=\u00bbdefault\u00bb theme_builder_area=\u00bbpost_content\u00bb hover_enabled=\u00bb0&#8243; sticky_enabled=\u00bb0&#8243;]<\/p>\n<div data-ogsc=\"black\" data-olk-copy-source=\"MessageBody\" style=\"text-align: justify;\">Para reforzar estos esfuerzos, la Secretar\u00eda de Educaci\u00f3n iniciar\u00e1 una gira por los municipios del departamento, con el fin de reunirse con los rectores de las instituciones educativas e\u00a0intensificar las campa\u00f1as de b\u00fasqueda activa, tanto en zonas urbanas como rurales. \u00abEs un trabajo conjunto entre todos los miembros de nuestra comunidad educativa, d\u00f3nde se pretende reincorporar a cerca de 5.000 ni\u00f1os, ni\u00f1as y adolescentes desescolarizados. Necesitamos la colaboraci\u00f3n de todos para que nuestros ni\u00f1os y j\u00f3venes est\u00e9n en las aulas\u00bb, expres\u00f3 Pedraza.<\/div>\n<div aria-hidden=\"true\" data-ogsc=\"black\" style=\"text-align: justify;\">\u00a0<\/div>\n<div data-ogsc=\"black\" style=\"text-align: justify;\">\u00a0El gobierno del ingeniero Renson Mart\u00ednez, consciente de la importancia de la educaci\u00f3n para el desarrollo de Arauca, ha hecho de este sector una de sus principales apuestas. El mandatario ha subrayado que la garant\u00eda del derecho a la educaci\u00f3n es un esfuerzo colectivo que involucra a todos los habitantes de Arauca. En este sentido, hace un llamado a los padres de familia, acudientes, docentes, trabajadores y a la comunidad en general a unirse al prop\u00f3sito com\u00fan de asegurar que ning\u00fan ni\u00f1o o adolescente se quede fuera del colegio.<\/div>\n<div aria-hidden=\"true\" data-ogsc=\"black\" style=\"text-align: justify;\">\u00a0<\/div>\n<div data-ogsc=\"black\" style=\"text-align: justify;\">\u00a0La Secretar\u00eda de Educaci\u00f3n Departamental de Arauca contin\u00faa trabajando incansablemente para asegurar que el acceso a la educaci\u00f3n sea una realidad para todos los ni\u00f1os y j\u00f3venes del departamento, y reitera su compromiso de seguir luchando por el futuro de la ni\u00f1ez y la juventud araucana.<\/div>\n<p>[\/et_pb_text][\/et_pb_column][\/et_pb_row][\/et_pb_section]<\/p>\n","protected":false},"excerpt":{"rendered":"<p>La Gobernaci\u00f3n de Arauca hace un llamado urgente para garantizar matr\u00edcula escolar del 100% en 2025. La estrategia \u2018B\u00fasqueda Activa de Estudiantes\u2019 tiene como prop\u00f3sito identificar y apoyar a ni\u00f1as, ni\u00f1os y adolescentes, para que inicien o completen sus estudios en el sistema p\u00fablico. Este esfuerzo busca superar el 100% de la matr\u00edcula proyectada, con [&hellip;]<\/p>\n","protected":false},"author":1,"featured_media":10295,"comment_status":"closed","ping_status":"closed","sticky":false,"template":"","format":"standard","meta":{"_et_pb_use_builder":"on","_et_pb_old_content":"","_et_gb_content_width":"","footnotes":""},"categories":[21,6],"tags":[],"class_list":["post-10294","post","type-post","status-publish","format-standard","has-post-thumbnail","hentry","category-boletin","category-noticias"],"_links":{"self":[{"href":"https:\/\/www.sedarauca.edu.co\/index.php\/wp-json\/wp\/v2\/posts\/10294","targetHints":{"allow":["GET"]}}],"collection":[{"href":"https:\/\/www.sedarauca.edu.co\/index.php\/wp-json\/wp\/v2\/posts"}],"about":[{"href":"https:\/\/www.sedarauca.edu.co\/index.php\/wp-json\/wp\/v2\/types\/post"}],"author":[{"embeddable":true,"href":"https:\/\/www.sedarauca.edu.co\/index.php\/wp-json\/wp\/v2\/users\/1"}],"replies":[{"embeddable":true,"href":"https:\/\/www.sedarauca.edu.co\/index.php\/wp-json\/wp\/v2\/comments?post=10294"}],"version-history":[{"count":3,"href":"https:\/\/www.sedarauca.edu.co\/index.php\/wp-json\/wp\/v2\/posts\/10294\/revisions"}],"predecessor-version":[{"id":10300,"href":"https:\/\/www.sedarauca.edu.co\/index.php\/wp-json\/wp\/v2\/posts\/10294\/revisions\/10300"}],"wp:featuredmedia":[{"embeddable":true,"href":"https:\/\/www.sedarauca.edu.co\/index.php\/wp-json\/wp\/v2\/media\/10295"}],"wp:attachment":[{"href":"https:\/\/www.sedarauca.edu.co\/index.php\/wp-json\/wp\/v2\/media?parent=10294"}],"wp:term":[{"taxonomy":"category","embeddable":true,"href":"https:\/\/www.sedarauca.edu.co\/index.php\/wp-json\/wp\/v2\/categories?post=10294"},{"taxonomy":"post_tag","embeddable":true,"href":"https:\/\/www.sedarauca.edu.co\/index.php\/wp-json\/wp\/v2\/tags?post=10294"}],"curies":[{"name":"wp","href":"https:\/\/api.w.org\/{rel}","templated":true}]}}