{"id":10253,"date":"2025-02-03T14:55:00","date_gmt":"2025-02-03T19:55:00","guid":{"rendered":"https:\/\/www.sedarauca.edu.co\/?p=10253"},"modified":"2025-02-03T20:26:53","modified_gmt":"2025-02-04T01:26:53","slug":"convocatoria-laboral-interna-n-004-de-2025-tutores-programa-para-la-excelencia-docente-y-academica-todos-a-aprender-pta-2025","status":"publish","type":"post","link":"https:\/\/www.sedarauca.edu.co\/index.php\/2025\/02\/03\/convocatoria-laboral-interna-n-004-de-2025-tutores-programa-para-la-excelencia-docente-y-academica-todos-a-aprender-pta-2025\/","title":{"rendered":"Convocatoria laboral interna N\u00b0 004 de 2025, Tutores Programa para la Excelencia Docente y Acad\u00e9mica: Todos a Aprender &#8211; PTA 2025"},"content":{"rendered":"\n[et_pb_section fb_built=\u00bb1&#8243; theme_builder_area=\u00bbpost_content\u00bb _builder_version=\u00bb4.27.4&#8243; _module_preset=\u00bbdefault\u00bb][et_pb_row _builder_version=\u00bb4.27.4&#8243; _module_preset=\u00bbdefault\u00bb theme_builder_area=\u00bbpost_content\u00bb custom_margin=\u00bb-20px||||false|false\u00bb hover_enabled=\u00bb0&#8243; sticky_enabled=\u00bb0&#8243;][et_pb_column _builder_version=\u00bb4.27.4&#8243; _module_preset=\u00bbdefault\u00bb type=\u00bb4_4&#8243; theme_builder_area=\u00bbpost_content\u00bb][et_pb_text _builder_version=\u00bb4.27.4&#8243; _module_preset=\u00bbdefault\u00bb theme_builder_area=\u00bbpost_content\u00bb hover_enabled=\u00bb0&#8243; sticky_enabled=\u00bb0&#8243; custom_margin=\u00bb-20px||||false|false\u00bb]<p><strong>Arauca, 03 de febrero de 2025.<\/strong><span>\u00a0La Secretar\u00eda de Educaci\u00f3n Departamental de Arauca requiere s<\/span>eleccionar docentes oficiales nombrados en PROPIEDAD en la ETC de Arauca, para que, mediante comisi\u00f3n de servicios profesionales, se desempe\u00f1en como tutor de Matem\u00e1ticas, Lengua Castellana y\/o Educaci\u00f3n B\u00e1sica del Programa para la Excelencia Docente \u00abTodos a Aprender\u00bb, piloto de Educaci\u00f3n Media para el Departamento de Arauca.<\/p>\n<p><strong>Postulaciones:<\/strong><\/p>\n<p>\u2022<span>\u00a0<\/span><strong><em>Plazo:<\/em><\/strong><span>\u00a0<\/span>Hasta el 5 de febrero de 2025 a las 11:59 p.m.<\/p>\n<p>\u2022<span>\u00a0<\/span><em><strong>Lugar de recepci\u00f3n:<\/strong><\/em><br \/>Archivo Central de la Gobernaci\u00f3n de Arauca.<br \/>Plataforma de Servicio de Atenci\u00f3n al Ciudadano (SAC).<\/p>\n<p><em><strong>\u2022 Requisito:<\/strong><\/em><span>\u00a0<\/span>Adjuntar soportes que certifiquen su experiencia, independientemente de que esta informaci\u00f3n ya est\u00e9 registrada en la hoja de vida.<\/p>\n<p>Consulte los detalles y requisitos de la convocatoria\u00a0en\u00a0el\u00a0PDF.<\/p>[\/et_pb_text][\/et_pb_column][\/et_pb_row][et_pb_row _builder_version=\u00bb4.27.4&#8243; _module_preset=\u00bbdefault\u00bb theme_builder_area=\u00bbpost_content\u00bb link_option_url=\u00bbhttps:\/\/www.sedarauca.edu.co\/wp-content\/uploads\/2025\/02\/Convocatoria-004.pdf\u00bb link_option_url_new_window=\u00bbon\u00bb hover_enabled=\u00bb0&#8243; sticky_enabled=\u00bb0&#8243;][et_pb_column _builder_version=\u00bb4.27.4&#8243; _module_preset=\u00bbdefault\u00bb type=\u00bb4_4&#8243; theme_builder_area=\u00bbpost_content\u00bb][et_pb_code _builder_version=\u00bb4.27.4&#8243; _module_preset=\u00bbdefault\u00bb theme_builder_area=\u00bbpost_content\u00bb link_option_url=\u00bbhttps:\/\/www.sedarauca.edu.co\/wp-content\/uploads\/2025\/02\/Convocatoria-004.pdf\u00bb link_option_url_new_window=\u00bbon\u00bb hover_enabled=\u00bb0&#8243; sticky_enabled=\u00bb0&#8243;]<a href=\"https:\/\/www.sedarauca.edu.co\/wp-content\/uploads\/2025\/02\/Convocatoria-004.pdf\" class=\"pdfemb-viewer\" style=\"\" data-width=\"max\" data-height=\"max\" data-toolbar=\"bottom\" data-toolbar-fixed=\"on\">Convocatoria-004<\/a>[\/et_pb_code][\/et_pb_column][\/et_pb_row][\/et_pb_section]\n","protected":false},"excerpt":{"rendered":"<p>Arauca, 03 de febrero de 2025.\u00a0La Secretar\u00eda de Educaci\u00f3n Departamental de Arauca requiere seleccionar docentes oficiales nombrados en PROPIEDAD en la ETC de Arauca, para que, mediante comisi\u00f3n de servicios profesionales, se desempe\u00f1en como tutor de Matem\u00e1ticas, Lengua Castellana y\/o Educaci\u00f3n B\u00e1sica del Programa para la Excelencia Docente \u00abTodos a Aprender\u00bb, piloto de Educaci\u00f3n Media [&hellip;]<\/p>\n","protected":false},"author":1,"featured_media":10261,"comment_status":"closed","ping_status":"closed","sticky":false,"template":"","format":"standard","meta":{"_et_pb_use_builder":"on","_et_pb_old_content":"","_et_gb_content_width":"","footnotes":""},"categories":[7,25],"tags":[],"class_list":["post-10253","post","type-post","status-publish","format-standard","has-post-thumbnail","hentry","category-convocatoria","category-publicacion"],"_links":{"self":[{"href":"https:\/\/www.sedarauca.edu.co\/index.php\/wp-json\/wp\/v2\/posts\/10253","targetHints":{"allow":["GET"]}}],"collection":[{"href":"https:\/\/www.sedarauca.edu.co\/index.php\/wp-json\/wp\/v2\/posts"}],"about":[{"href":"https:\/\/www.sedarauca.edu.co\/index.php\/wp-json\/wp\/v2\/types\/post"}],"author":[{"embeddable":true,"href":"https:\/\/www.sedarauca.edu.co\/index.php\/wp-json\/wp\/v2\/users\/1"}],"replies":[{"embeddable":true,"href":"https:\/\/www.sedarauca.edu.co\/index.php\/wp-json\/wp\/v2\/comments?post=10253"}],"version-history":[{"count":5,"href":"https:\/\/www.sedarauca.edu.co\/index.php\/wp-json\/wp\/v2\/posts\/10253\/revisions"}],"predecessor-version":[{"id":10260,"href":"https:\/\/www.sedarauca.edu.co\/index.php\/wp-json\/wp\/v2\/posts\/10253\/revisions\/10260"}],"wp:featuredmedia":[{"embeddable":true,"href":"https:\/\/www.sedarauca.edu.co\/index.php\/wp-json\/wp\/v2\/media\/10261"}],"wp:attachment":[{"href":"https:\/\/www.sedarauca.edu.co\/index.php\/wp-json\/wp\/v2\/media?parent=10253"}],"wp:term":[{"taxonomy":"category","embeddable":true,"href":"https:\/\/www.sedarauca.edu.co\/index.php\/wp-json\/wp\/v2\/categories?post=10253"},{"taxonomy":"post_tag","embeddable":true,"href":"https:\/\/www.sedarauca.edu.co\/index.php\/wp-json\/wp\/v2\/tags?post=10253"}],"curies":[{"name":"wp","href":"https:\/\/api.w.org\/{rel}","templated":true}]}}