{"id":10200,"date":"2025-01-28T08:03:00","date_gmt":"2025-01-28T13:03:00","guid":{"rendered":"https:\/\/www.sedarauca.edu.co\/?p=10200"},"modified":"2025-01-28T10:55:32","modified_gmt":"2025-01-28T15:55:32","slug":"convocatoria-laboral-interna-n-002-de-2025-encargo-vacante-temporal-de-auxiliar-administrativo-407-08-de-la-ie-francisco-jose-de-caldas-del-municipio-de-arauca","status":"publish","type":"post","link":"https:\/\/www.sedarauca.edu.co\/index.php\/2025\/01\/28\/convocatoria-laboral-interna-n-002-de-2025-encargo-vacante-temporal-de-auxiliar-administrativo-407-08-de-la-ie-francisco-jose-de-caldas-del-municipio-de-arauca\/","title":{"rendered":"Convocatoria laboral interna N\u00b0 002 de 2025, Encargo Vacante Temporal de Auxiliar Administrativo 407-08, de la IE Francisco Jos\u00e9 de Caldas del municipio de Arauca"},"content":{"rendered":"<p>[et_pb_section fb_built=\u00bb1&#8243; _builder_version=\u00bb4.27.4&#8243; _module_preset=\u00bbdefault\u00bb global_colors_info=\u00bb{}\u00bb][et_pb_row _builder_version=\u00bb4.27.4&#8243; _module_preset=\u00bbdefault\u00bb][et_pb_column _builder_version=\u00bb4.27.4&#8243; _module_preset=\u00bbdefault\u00bb type=\u00bb4_4&#8243;][et_pb_text _builder_version=\u00bb4.27.4&#8243; _module_preset=\u00bbdefault\u00bb hover_enabled=\u00bb0&#8243; sticky_enabled=\u00bb0&#8243; custom_margin=\u00bb-20px||||false|false\u00bb]<\/p>\n<p style=\"text-align: justify;\"><strong>Arauca, 27 de enero de 2025.<\/strong><span>\u00a0<\/span>La Secretar\u00eda de Educaci\u00f3n Departamental, a trav\u00e9s de la Convocatoria Laboral Interna No. 002 de 2025, invita a los servidores p\u00fablicos de la Gobernaci\u00f3n de Arauca pertenecientes al nivel asistencial y con derechos de carrera, a postularse para el encargo temporal del cargo de Auxiliar Administrativo, C\u00f3digo 407, Grado 08. La vacante, financiada con recursos del Sistema General de Participaciones \u2013 Educaci\u00f3n, est\u00e1 adscrita al establecimiento educativo Francisco Jos\u00e9 de Caldas del municipio de Arauca.<\/p>\n<p style=\"text-align: justify;\"><strong>Prop\u00f3sito del cargo:<\/strong><\/p>\n<p style=\"text-align: justify;\">Realizar actividades de apoyo administrativo y complementarias caracterizadas sen labores de ejecuci\u00f3n actividades asignadas que contribuya al correcto funcionamiento del establecimiento educativo.<\/p>\n<p style=\"text-align: justify;\">Realizar labores operativas y administrativas de apoyo en el establecimiento educativo.<\/p>\n<p style=\"text-align: justify;\"><strong>Postulaciones:<\/strong><\/p>\n<p style=\"text-align: justify;\">\u2022<span>\u00a0<\/span><strong><em>Plazo:<\/em><\/strong><span>\u00a0<\/span>Hasta el 30 de enero de 2025 a las 11:59 p.m.<\/p>\n<p style=\"text-align: justify;\">\u2022<span>\u00a0<\/span><em><strong>Lugar de recepci\u00f3n:<\/strong><\/em><br \/>Archivo Central de la Gobernaci\u00f3n de Arauca.<br \/>Plataforma de Servicio de Atenci\u00f3n al Ciudadano (SAC).<\/p>\n<p style=\"text-align: justify;\"><em><strong>\u2022 Requisito:<\/strong><\/em><span>\u00a0<\/span>Adjuntar soportes que certifiquen su experiencia, independientemente de que esta informaci\u00f3n ya est\u00e9 registrada en la hoja de vida.<\/p>\n<p style=\"text-align: justify;\">Consulte los detalles y requisitos de la convocatoria\u00a0en\u00a0el\u00a0PDF.<\/p>\n<p>[\/et_pb_text][\/et_pb_column][\/et_pb_row][et_pb_row _builder_version=\u00bb4.27.4&#8243; _module_preset=\u00bbdefault\u00bb link_option_url=\u00bbhttps:\/\/www.sedarauca.edu.co\/wp-content\/uploads\/2025\/01\/Convocatoria002de2025.pdf\u00bb link_option_url_new_window=\u00bbon\u00bb global_colors_info=\u00bb{}\u00bb][et_pb_column type=\u00bb4_4&#8243; _builder_version=\u00bb4.27.4&#8243; _module_preset=\u00bbdefault\u00bb global_colors_info=\u00bb{}\u00bb][et_pb_code _builder_version=\u00bb4.27.4&#8243; _module_preset=\u00bbdefault\u00bb link_option_url=\u00bbhttps:\/\/www.sedarauca.edu.co\/wp-content\/uploads\/2025\/01\/Convocatoria002de2025.pdf\u00bb link_option_url_new_window=\u00bbon\u00bb global_colors_info=\u00bb{}\u00bb]<a href=\"https:\/\/www.sedarauca.edu.co\/wp-content\/uploads\/2025\/01\/Convocatoria002de2025.pdf\" class=\"pdfemb-viewer\" style=\"\" data-width=\"max\" data-height=\"max\" data-toolbar=\"bottom\" data-toolbar-fixed=\"on\">Convocatoria002de2025<\/a>[\/et_pb_code][\/et_pb_column][\/et_pb_row][\/et_pb_section]<\/p>\n","protected":false},"excerpt":{"rendered":"<p>Arauca, 27 de enero de 2025.\u00a0La Secretar\u00eda de Educaci\u00f3n Departamental, a trav\u00e9s de la Convocatoria Laboral Interna No. 002 de 2025, invita a los servidores p\u00fablicos de la Gobernaci\u00f3n de Arauca pertenecientes al nivel asistencial y con derechos de carrera, a postularse para el encargo temporal del cargo de Auxiliar Administrativo, C\u00f3digo 407, Grado 08. [&hellip;]<\/p>\n","protected":false},"author":1,"featured_media":10201,"comment_status":"closed","ping_status":"closed","sticky":false,"template":"","format":"standard","meta":{"_et_pb_use_builder":"on","_et_pb_old_content":"","_et_gb_content_width":"","footnotes":""},"categories":[7,25],"tags":[],"class_list":["post-10200","post","type-post","status-publish","format-standard","has-post-thumbnail","hentry","category-convocatoria","category-publicacion"],"_links":{"self":[{"href":"https:\/\/www.sedarauca.edu.co\/index.php\/wp-json\/wp\/v2\/posts\/10200","targetHints":{"allow":["GET"]}}],"collection":[{"href":"https:\/\/www.sedarauca.edu.co\/index.php\/wp-json\/wp\/v2\/posts"}],"about":[{"href":"https:\/\/www.sedarauca.edu.co\/index.php\/wp-json\/wp\/v2\/types\/post"}],"author":[{"embeddable":true,"href":"https:\/\/www.sedarauca.edu.co\/index.php\/wp-json\/wp\/v2\/users\/1"}],"replies":[{"embeddable":true,"href":"https:\/\/www.sedarauca.edu.co\/index.php\/wp-json\/wp\/v2\/comments?post=10200"}],"version-history":[{"count":7,"href":"https:\/\/www.sedarauca.edu.co\/index.php\/wp-json\/wp\/v2\/posts\/10200\/revisions"}],"predecessor-version":[{"id":10210,"href":"https:\/\/www.sedarauca.edu.co\/index.php\/wp-json\/wp\/v2\/posts\/10200\/revisions\/10210"}],"wp:featuredmedia":[{"embeddable":true,"href":"https:\/\/www.sedarauca.edu.co\/index.php\/wp-json\/wp\/v2\/media\/10201"}],"wp:attachment":[{"href":"https:\/\/www.sedarauca.edu.co\/index.php\/wp-json\/wp\/v2\/media?parent=10200"}],"wp:term":[{"taxonomy":"category","embeddable":true,"href":"https:\/\/www.sedarauca.edu.co\/index.php\/wp-json\/wp\/v2\/categories?post=10200"},{"taxonomy":"post_tag","embeddable":true,"href":"https:\/\/www.sedarauca.edu.co\/index.php\/wp-json\/wp\/v2\/tags?post=10200"}],"curies":[{"name":"wp","href":"https:\/\/api.w.org\/{rel}","templated":true}]}}