{"id":10128,"date":"2025-01-13T17:12:00","date_gmt":"2025-01-13T22:12:00","guid":{"rendered":"https:\/\/www.sedarauca.edu.co\/?p=10128"},"modified":"2025-01-14T10:07:04","modified_gmt":"2025-01-14T15:07:04","slug":"avanza-por-los-municipios-la-socializacion-del-contrato-que-operara-el-programa-de-alimentacion-escolar-pae-para-poblacion-mayoritaria-en-el-departamento-de-arauca","status":"publish","type":"post","link":"https:\/\/www.sedarauca.edu.co\/index.php\/2025\/01\/13\/avanza-por-los-municipios-la-socializacion-del-contrato-que-operara-el-programa-de-alimentacion-escolar-pae-para-poblacion-mayoritaria-en-el-departamento-de-arauca\/","title":{"rendered":"Avanza por los municipios la socializaci\u00f3n del Contrato que operar\u00e1 el Programa de Alimentaci\u00f3n Escolar (PAE) para poblaci\u00f3n mayoritaria en el departamento de Arauca"},"content":{"rendered":"<p>[et_pb_section fb_built=\u00bb1&#8243; theme_builder_area=\u00bbpost_content\u00bb _builder_version=\u00bb4.27.4&#8243; _module_preset=\u00bbdefault\u00bb][et_pb_row _builder_version=\u00bb4.27.4&#8243; _module_preset=\u00bbdefault\u00bb theme_builder_area=\u00bbpost_content\u00bb][et_pb_column _builder_version=\u00bb4.27.4&#8243; _module_preset=\u00bbdefault\u00bb type=\u00bb4_4&#8243; theme_builder_area=\u00bbpost_content\u00bb][et_pb_text _builder_version=\u00bb4.27.4&#8243; _module_preset=\u00bbdefault\u00bb theme_builder_area=\u00bbpost_content\u00bb custom_margin=\u00bb-20px||||false|false\u00bb hover_enabled=\u00bb0&#8243; sticky_enabled=\u00bb0&#8243;]<\/p>\n<p style=\"text-align: justify;\"><strong>Arauca, 13 de enero de 2025.<\/strong> El gobierno departamental de Arauca a trav\u00e9s de la Secretar\u00eda de Educaci\u00f3n, acompa\u00f1a la socializaci\u00f3n del Contrato 414 de 2024, que operar\u00e1 el Programa de Alimentaci\u00f3n Escolar (PAE) para poblaci\u00f3n mayoritaria durante el calendario acad\u00e9mico 2025, as\u00ed como la socializaci\u00f3n del Contrato de Interventor\u00eda 476 de 2024. Pr\u00f3ximamente se socializar\u00e1n los contratos para poblaci\u00f3n ind\u00edgena.<\/p>\n<p style=\"text-align: justify;\">El primer d\u00eda de socializaci\u00f3n se adelant\u00f3 en los municipios de Arauca y Arauquita. En Arauca, el evento cont\u00f3 con la presencia del secretario de Educaci\u00f3n departamental, Ariel Pedraza Pinz\u00f3n, el procurador regional Daniel Castilla Acosta, el diputado Dumar Sebasti\u00e1n S\u00e1nchez en representaci\u00f3n de la Asamblea Departamental, y el ingeniero Carlos Sierra, referente de Inspecci\u00f3n y Vigilancia de la Unidad Administrativa Especial de Salud, quienes destacaron el galard\u00f3n que obtuvo el a\u00f1o anterior por el Ministerio de Educaci\u00f3n, como uno de los 4 mejores PAE de 97 Entidades Territoriales Certificadas del pa\u00eds y el inicio oportuno del calendario escolar. <\/p>\n<p>[\/et_pb_text][\/et_pb_column][\/et_pb_row][et_pb_row _builder_version=\u00bb4.27.4&#8243; _module_preset=\u00bbdefault\u00bb column_structure=\u00bb1_4,1_2,1_4&#8243; theme_builder_area=\u00bbpost_content\u00bb][et_pb_column _builder_version=\u00bb4.27.4&#8243; _module_preset=\u00bbdefault\u00bb type=\u00bb1_4&#8243; theme_builder_area=\u00bbpost_content\u00bb][\/et_pb_column][et_pb_column _builder_version=\u00bb4.27.4&#8243; _module_preset=\u00bbdefault\u00bb type=\u00bb1_2&#8243; theme_builder_area=\u00bbpost_content\u00bb][et_pb_image src=\u00bbhttps:\/\/www.sedarauca.edu.co\/wp-content\/uploads\/2025\/01\/PaeEne2025-05-scaled.jpg\u00bb _builder_version=\u00bb4.27.4&#8243; _module_preset=\u00bbdefault\u00bb theme_builder_area=\u00bbpost_content\u00bb title_text=\u00bbPaeEne2025-05&#8243; hover_enabled=\u00bb0&#8243; sticky_enabled=\u00bb0&#8243;][\/et_pb_image][\/et_pb_column][et_pb_column _builder_version=\u00bb4.27.4&#8243; _module_preset=\u00bbdefault\u00bb type=\u00bb1_4&#8243; theme_builder_area=\u00bbpost_content\u00bb][\/et_pb_column][\/et_pb_row][et_pb_row _builder_version=\u00bb4.27.4&#8243; _module_preset=\u00bbdefault\u00bb column_structure=\u00bb1_2,1_2&#8243; theme_builder_area=\u00bbpost_content\u00bb][et_pb_column _builder_version=\u00bb4.27.4&#8243; _module_preset=\u00bbdefault\u00bb type=\u00bb1_2&#8243; theme_builder_area=\u00bbpost_content\u00bb][et_pb_image src=\u00bbhttps:\/\/www.sedarauca.edu.co\/wp-content\/uploads\/2025\/01\/PaeEne2025-07-scaled.jpg\u00bb _builder_version=\u00bb4.27.4&#8243; _module_preset=\u00bbdefault\u00bb theme_builder_area=\u00bbpost_content\u00bb title_text=\u00bbPaeEne2025-07&#8243; hover_enabled=\u00bb0&#8243; sticky_enabled=\u00bb0&#8243;][\/et_pb_image][\/et_pb_column][et_pb_column _builder_version=\u00bb4.27.4&#8243; _module_preset=\u00bbdefault\u00bb type=\u00bb1_2&#8243; theme_builder_area=\u00bbpost_content\u00bb][et_pb_image src=\u00bbhttps:\/\/www.sedarauca.edu.co\/wp-content\/uploads\/2025\/01\/PaeEne2025-06-scaled.jpg\u00bb _builder_version=\u00bb4.27.4&#8243; _module_preset=\u00bbdefault\u00bb theme_builder_area=\u00bbpost_content\u00bb title_text=\u00bbPaeEne2025-06&#8243; hover_enabled=\u00bb0&#8243; sticky_enabled=\u00bb0&#8243;][\/et_pb_image][\/et_pb_column][\/et_pb_row][et_pb_row _builder_version=\u00bb4.27.4&#8243; _module_preset=\u00bbdefault\u00bb theme_builder_area=\u00bbpost_content\u00bb][et_pb_column _builder_version=\u00bb4.27.4&#8243; _module_preset=\u00bbdefault\u00bb type=\u00bb4_4&#8243; theme_builder_area=\u00bbpost_content\u00bb][et_pb_text _builder_version=\u00bb4.27.4&#8243; _module_preset=\u00bbdefault\u00bb theme_builder_area=\u00bbpost_content\u00bb hover_enabled=\u00bb0&#8243; sticky_enabled=\u00bb0&#8243;]<\/p>\n<p style=\"text-align: justify;\">En Arauquita, el evento cont\u00f3 con la presencia del secretario de Educaci\u00f3n municipal, Luis Francisco Daza, representantes de las organizaciones sociales, la CUT y manipuladoras de alimentos. En ambos eventos los representantes legales de la firma contratista e interventora presentaron las generalidades y alcance del Programa, donde asistieron rectores, docentes, padres de familia, l\u00edderes comunales y comunidad en general, quienes se comprometieron a ser veedores de la debida ejecuci\u00f3n de la operaci\u00f3n del PAE que tiene como objetivo brindar un complemento alimentario que contribuya al acceso, la permanencia y la reducci\u00f3n del ausentismo escolar.<\/p>\n<p style=\"text-align: justify;\">El PAE para poblaci\u00f3n mayoritaria beneficiar\u00e1 a 33.551 estudiantes de los 7 municipios del departamento de Arauca, con una cobertura del 100% en zona rural y del 85% en zona urbana. Este a\u00f1o, gracias a la gesti\u00f3n del gobernador Renson Mart\u00ednez, se aument\u00f3 5.500 cupos.<\/p>\n<p>[\/et_pb_text][\/et_pb_column][\/et_pb_row][et_pb_row _builder_version=\u00bb4.27.4&#8243; _module_preset=\u00bbdefault\u00bb column_structure=\u00bb1_5,3_5,1_5&#8243; theme_builder_area=\u00bbpost_content\u00bb][et_pb_column _builder_version=\u00bb4.27.4&#8243; _module_preset=\u00bbdefault\u00bb type=\u00bb1_5&#8243; theme_builder_area=\u00bbpost_content\u00bb][\/et_pb_column][et_pb_column _builder_version=\u00bb4.27.4&#8243; _module_preset=\u00bbdefault\u00bb type=\u00bb3_5&#8243; theme_builder_area=\u00bbpost_content\u00bb][et_pb_video src=\u00bbhttps:\/\/youtu.be\/4TmRBTGO8k0&#8243; _builder_version=\u00bb4.27.4&#8243; _module_preset=\u00bbdefault\u00bb theme_builder_area=\u00bbpost_content\u00bb hover_enabled=\u00bb0&#8243; sticky_enabled=\u00bb0&#8243; border_radii=\u00bbon|30px|30px|30px|30px\u00bb][\/et_pb_video][\/et_pb_column][et_pb_column _builder_version=\u00bb4.27.4&#8243; _module_preset=\u00bbdefault\u00bb type=\u00bb1_5&#8243; theme_builder_area=\u00bbpost_content\u00bb][\/et_pb_column][\/et_pb_row][et_pb_row _builder_version=\u00bb4.27.4&#8243; _module_preset=\u00bbdefault\u00bb theme_builder_area=\u00bbpost_content\u00bb][et_pb_column _builder_version=\u00bb4.27.4&#8243; _module_preset=\u00bbdefault\u00bb type=\u00bb4_4&#8243; theme_builder_area=\u00bbpost_content\u00bb][et_pb_text _builder_version=\u00bb4.27.4&#8243; _module_preset=\u00bbdefault\u00bb theme_builder_area=\u00bbpost_content\u00bb hover_enabled=\u00bb0&#8243; sticky_enabled=\u00bb0&#8243;]<\/p>\n<p style=\"text-align: justify;\">El contrato tiene un plazo de ejecuci\u00f3n de 148 d\u00edas calendario acad\u00e9mico para estudiantes internos y 103 d\u00edas calendario para externos, con una inversi\u00f3n superior a los 29.500 millones de pesos.<\/p>\n<p style=\"text-align: justify;\">El recorrido por los municipios continuar\u00e1 hasta el pr\u00f3ximo viernes, visitando los municipios de Saravena, Fortul, Tame, Puerto Rond\u00f3n y Cravo Norte.<\/p>\n<p><strong>Cronograma de Socializaci\u00f3n:<\/strong><\/p>\n<p>&#8211; 14 de enero: Saravena y Fortul<br \/>&#8211; 15 de enero: Tame<br \/>&#8211; 16 de enero: Puerto Rond\u00f3n<br \/>&#8211; 17 de enero: Cravo Norte<\/p>\n<p>[\/et_pb_text][\/et_pb_column][\/et_pb_row][et_pb_row _builder_version=\u00bb4.27.4&#8243; _module_preset=\u00bbdefault\u00bb column_structure=\u00bb1_2,1_2&#8243; theme_builder_area=\u00bbpost_content\u00bb][et_pb_column _builder_version=\u00bb4.27.4&#8243; _module_preset=\u00bbdefault\u00bb type=\u00bb1_2&#8243; theme_builder_area=\u00bbpost_content\u00bb][et_pb_image src=\u00bbhttps:\/\/www.sedarauca.edu.co\/wp-content\/uploads\/2025\/01\/PaeEne2025-01-scaled.jpg\u00bb _builder_version=\u00bb4.27.4&#8243; _module_preset=\u00bbdefault\u00bb theme_builder_area=\u00bbpost_content\u00bb title_text=\u00bbPaeEne2025-01&#8243; hover_enabled=\u00bb0&#8243; sticky_enabled=\u00bb0&#8243;][\/et_pb_image][\/et_pb_column][et_pb_column _builder_version=\u00bb4.27.4&#8243; _module_preset=\u00bbdefault\u00bb type=\u00bb1_2&#8243; theme_builder_area=\u00bbpost_content\u00bb][et_pb_image src=\u00bbhttps:\/\/www.sedarauca.edu.co\/wp-content\/uploads\/2025\/01\/PaeEne2025-02-scaled.jpg\u00bb _builder_version=\u00bb4.27.4&#8243; _module_preset=\u00bbdefault\u00bb theme_builder_area=\u00bbpost_content\u00bb title_text=\u00bbPaeEne2025-02&#8243; hover_enabled=\u00bb0&#8243; sticky_enabled=\u00bb0&#8243;][\/et_pb_image][\/et_pb_column][\/et_pb_row][et_pb_row _builder_version=\u00bb4.27.4&#8243; _module_preset=\u00bbdefault\u00bb column_structure=\u00bb1_2,1_2&#8243; theme_builder_area=\u00bbpost_content\u00bb][et_pb_column _builder_version=\u00bb4.27.4&#8243; _module_preset=\u00bbdefault\u00bb type=\u00bb1_2&#8243; theme_builder_area=\u00bbpost_content\u00bb][et_pb_image src=\u00bbhttps:\/\/www.sedarauca.edu.co\/wp-content\/uploads\/2025\/01\/PaeEne2025-03-scaled.jpg\u00bb _builder_version=\u00bb4.27.4&#8243; _module_preset=\u00bbdefault\u00bb theme_builder_area=\u00bbpost_content\u00bb title_text=\u00bbPaeEne2025-03&#8243; hover_enabled=\u00bb0&#8243; sticky_enabled=\u00bb0&#8243;][\/et_pb_image][\/et_pb_column][et_pb_column _builder_version=\u00bb4.27.4&#8243; _module_preset=\u00bbdefault\u00bb type=\u00bb1_2&#8243; theme_builder_area=\u00bbpost_content\u00bb][et_pb_image src=\u00bbhttps:\/\/www.sedarauca.edu.co\/wp-content\/uploads\/2025\/01\/PaeEne2025-04-scaled.jpg\u00bb _builder_version=\u00bb4.27.4&#8243; _module_preset=\u00bbdefault\u00bb theme_builder_area=\u00bbpost_content\u00bb title_text=\u00bbPaeEne2025-04&#8243; hover_enabled=\u00bb0&#8243; sticky_enabled=\u00bb0&#8243;][\/et_pb_image][\/et_pb_column][\/et_pb_row][et_pb_row _builder_version=\u00bb4.27.4&#8243; _module_preset=\u00bbdefault\u00bb theme_builder_area=\u00bbpost_content\u00bb][et_pb_column _builder_version=\u00bb4.27.4&#8243; _module_preset=\u00bbdefault\u00bb type=\u00bb4_4&#8243; theme_builder_area=\u00bbpost_content\u00bb][et_pb_text _builder_version=\u00bb4.27.4&#8243; _module_preset=\u00bbdefault\u00bb theme_builder_area=\u00bbpost_content\u00bb hover_enabled=\u00bb0&#8243; sticky_enabled=\u00bb0&#8243;]<\/p>\n<p style=\"text-align: justify;\">Como conclusi\u00f3n, se destac\u00f3 que Arauca est\u00e1 entre las pocas entidades del pa\u00eds que inician oportunamente con el calendario escolar. Este martes 14 de enero, la socializaci\u00f3n se adelantar\u00e1 en Saravena en Asedar a las 7:30 am y en Fortul en Asojuntas a las 2:00\u00a0pm.\u00a0\u00a1Participa!<\/p>\n<p>[\/et_pb_text][\/et_pb_column][\/et_pb_row][et_pb_row _builder_version=\u00bb4.27.4&#8243; _module_preset=\u00bbdefault\u00bb column_structure=\u00bb1_4,3_4&#8243; theme_builder_area=\u00bbpost_content\u00bb make_equal=\u00bbon\u00bb hover_enabled=\u00bb0&#8243; sticky_enabled=\u00bb0&#8243; module_alignment=\u00bbcenter\u00bb][et_pb_column _builder_version=\u00bb4.27.4&#8243; _module_preset=\u00bbdefault\u00bb type=\u00bb1_4&#8243; theme_builder_area=\u00bbpost_content\u00bb][et_pb_image src=\u00bbhttps:\/\/www.sedarauca.edu.co\/wp-content\/uploads\/2025\/01\/AudioSEDA.png\u00bb _builder_version=\u00bb4.27.4&#8243; _module_preset=\u00bbdefault\u00bb theme_builder_area=\u00bbpost_content\u00bb title_text=\u00bbAudioSEDA\u00bb hover_enabled=\u00bb0&#8243; sticky_enabled=\u00bb0&#8243; align=\u00bbcenter\u00bb animation_style=\u00bbslide\u00bb force_fullwidth=\u00bbon\u00bb custom_margin=\u00bb17px||||false|false\u00bb][\/et_pb_image][\/et_pb_column][et_pb_column _builder_version=\u00bb4.27.4&#8243; _module_preset=\u00bbdefault\u00bb type=\u00bb3_4&#8243; theme_builder_area=\u00bbpost_content\u00bb][et_pb_audio title=\u00bbAvanza socializaci\u00f3n del contrato PAE\u00bb artist_name=\u00bbAriel Pedraza Pinz\u00f3n &#8211; Secretario de Educaci\u00f3n Departamental\u00bb _builder_version=\u00bb4.27.4&#8243; _module_preset=\u00bbdefault\u00bb theme_builder_area=\u00bbpost_content\u00bb title_text=\u00bbPae &#8211; Audio Secretario de Educaci\u00f3n Departamental &#8211; Ariel Pedraza\u00a0Pinz\u00f3n\u00bb audio=\u00bbhttps:\/\/www.sedarauca.edu.co\/wp-content\/uploads\/2025\/01\/Pae-Audio-Secretario-de-Educacion-Departamental-Ariel-Pedraza-Pinzon.mp3&#8243; hover_enabled=\u00bb0&#8243; sticky_enabled=\u00bb0&#8243; border_radii=\u00bbon|30px|30px|30px|30px\u00bb][\/et_pb_audio][\/et_pb_column][\/et_pb_row][et_pb_row _builder_version=\u00bb4.27.4&#8243; _module_preset=\u00bbdefault\u00bb theme_builder_area=\u00bbpost_content\u00bb][et_pb_column _builder_version=\u00bb4.27.4&#8243; _module_preset=\u00bbdefault\u00bb type=\u00bb4_4&#8243; theme_builder_area=\u00bbpost_content\u00bb][et_pb_divider _builder_version=\u00bb4.27.4&#8243; _module_preset=\u00bbdefault\u00bb theme_builder_area=\u00bbpost_content\u00bb hover_enabled=\u00bb0&#8243; sticky_enabled=\u00bb0&#8243;][\/et_pb_divider][\/et_pb_column][\/et_pb_row][\/et_pb_section]<\/p>\n","protected":false},"excerpt":{"rendered":"<p>Arauca, 13 de enero de 2025. El gobierno departamental de Arauca a trav\u00e9s de la Secretar\u00eda de Educaci\u00f3n, acompa\u00f1a la socializaci\u00f3n del Contrato 414 de 2024, que operar\u00e1 el Programa de Alimentaci\u00f3n Escolar (PAE) para poblaci\u00f3n mayoritaria durante el calendario acad\u00e9mico 2025, as\u00ed como la socializaci\u00f3n del Contrato de Interventor\u00eda 476 de 2024. Pr\u00f3ximamente se [&hellip;]<\/p>\n","protected":false},"author":1,"featured_media":10129,"comment_status":"closed","ping_status":"closed","sticky":false,"template":"","format":"standard","meta":{"_et_pb_use_builder":"on","_et_pb_old_content":"","_et_gb_content_width":"","footnotes":""},"categories":[21,6,17],"tags":[],"class_list":["post-10128","post","type-post","status-publish","format-standard","has-post-thumbnail","hentry","category-boletin","category-noticias","category-pae"],"_links":{"self":[{"href":"https:\/\/www.sedarauca.edu.co\/index.php\/wp-json\/wp\/v2\/posts\/10128","targetHints":{"allow":["GET"]}}],"collection":[{"href":"https:\/\/www.sedarauca.edu.co\/index.php\/wp-json\/wp\/v2\/posts"}],"about":[{"href":"https:\/\/www.sedarauca.edu.co\/index.php\/wp-json\/wp\/v2\/types\/post"}],"author":[{"embeddable":true,"href":"https:\/\/www.sedarauca.edu.co\/index.php\/wp-json\/wp\/v2\/users\/1"}],"replies":[{"embeddable":true,"href":"https:\/\/www.sedarauca.edu.co\/index.php\/wp-json\/wp\/v2\/comments?post=10128"}],"version-history":[{"count":6,"href":"https:\/\/www.sedarauca.edu.co\/index.php\/wp-json\/wp\/v2\/posts\/10128\/revisions"}],"predecessor-version":[{"id":10146,"href":"https:\/\/www.sedarauca.edu.co\/index.php\/wp-json\/wp\/v2\/posts\/10128\/revisions\/10146"}],"wp:featuredmedia":[{"embeddable":true,"href":"https:\/\/www.sedarauca.edu.co\/index.php\/wp-json\/wp\/v2\/media\/10129"}],"wp:attachment":[{"href":"https:\/\/www.sedarauca.edu.co\/index.php\/wp-json\/wp\/v2\/media?parent=10128"}],"wp:term":[{"taxonomy":"category","embeddable":true,"href":"https:\/\/www.sedarauca.edu.co\/index.php\/wp-json\/wp\/v2\/categories?post=10128"},{"taxonomy":"post_tag","embeddable":true,"href":"https:\/\/www.sedarauca.edu.co\/index.php\/wp-json\/wp\/v2\/tags?post=10128"}],"curies":[{"name":"wp","href":"https:\/\/api.w.org\/{rel}","templated":true}]}}