{"id":10115,"date":"2025-01-09T22:28:00","date_gmt":"2025-01-10T03:28:00","guid":{"rendered":"https:\/\/www.sedarauca.edu.co\/?p=10115"},"modified":"2025-01-13T15:27:16","modified_gmt":"2025-01-13T20:27:16","slug":"participa-en-las-socializaciones-del-nuevo-contrato-del-programa-de-alimentacion-escolar-pae-para-poblacion-mayoritaria-que-operara-durante-el-calendario-academico-2025","status":"publish","type":"post","link":"https:\/\/www.sedarauca.edu.co\/index.php\/2025\/01\/09\/participa-en-las-socializaciones-del-nuevo-contrato-del-programa-de-alimentacion-escolar-pae-para-poblacion-mayoritaria-que-operara-durante-el-calendario-academico-2025\/","title":{"rendered":"\u00a1Participa en las socializaciones del nuevo contrato del Programa de Alimentaci\u00f3n Escolar (PAE) para poblaci\u00f3n mayoritaria que operar\u00e1 durante el calendario acad\u00e9mico 2025!"},"content":{"rendered":"<p>[et_pb_section fb_built=\u00bb1&#8243; _builder_version=\u00bb4.27.4&#8243; _module_preset=\u00bbdefault\u00bb global_colors_info=\u00bb{}\u00bb][et_pb_row _builder_version=\u00bb4.27.4&#8243; _module_preset=\u00bbdefault\u00bb global_colors_info=\u00bb{}\u00bb][et_pb_column type=\u00bb4_4&#8243; _builder_version=\u00bb4.27.4&#8243; _module_preset=\u00bbdefault\u00bb global_colors_info=\u00bb{}\u00bb][et_pb_text _builder_version=\u00bb4.27.4&#8243; _module_preset=\u00bbdefault\u00bb custom_margin=\u00bb-30px||||false|false\u00bb global_colors_info=\u00bb{}\u00bb]<\/p>\n<p style=\"text-align: center;\"><em>El gobierno departamental inicia el nuevo a\u00f1o escolar con buenas noticias: se ha aumentado la cobertura del PAE en 5.500 cupos, beneficiando a m\u00e1s de 33.500 estudiantes.<\/em><\/p>\n<p>[\/et_pb_text][\/et_pb_column][\/et_pb_row][et_pb_row column_structure=\u00bb1_5,3_5,1_5&#8243; _builder_version=\u00bb4.27.4&#8243; _module_preset=\u00bbdefault\u00bb global_colors_info=\u00bb{}\u00bb][et_pb_column type=\u00bb1_5&#8243; _builder_version=\u00bb4.27.4&#8243; _module_preset=\u00bbdefault\u00bb global_colors_info=\u00bb{}\u00bb][\/et_pb_column][et_pb_column type=\u00bb3_5&#8243; _builder_version=\u00bb4.27.4&#8243; _module_preset=\u00bbdefault\u00bb global_colors_info=\u00bb{}\u00bb][et_pb_image src=\u00bbhttps:\/\/www.sedarauca.edu.co\/wp-content\/uploads\/2025\/01\/PaeParte02Fechas.jpg\u00bb title_text=\u00bbPaeParte02Fechas\u00bb _builder_version=\u00bb4.27.4&#8243; _module_preset=\u00bbdefault\u00bb width=\u00bb117.5%\u00bb custom_margin=\u00bb|-38px||-38px||\u00bb hover_enabled=\u00bb0&#8243; global_colors_info=\u00bb{}\u00bb sticky_enabled=\u00bb0&#8243;][\/et_pb_image][\/et_pb_column][et_pb_column type=\u00bb1_5&#8243; _builder_version=\u00bb4.27.4&#8243; _module_preset=\u00bbdefault\u00bb global_colors_info=\u00bb{}\u00bb][\/et_pb_column][\/et_pb_row][et_pb_row _builder_version=\u00bb4.27.4&#8243; _module_preset=\u00bbdefault\u00bb global_colors_info=\u00bb{}\u00bb][et_pb_column type=\u00bb4_4&#8243; _builder_version=\u00bb4.27.4&#8243; _module_preset=\u00bbdefault\u00bb global_colors_info=\u00bb{}\u00bb][et_pb_text _builder_version=\u00bb4.27.4&#8243; _module_preset=\u00bbdefault\u00bb global_colors_info=\u00bb{}\u00bb]<\/p>\n<p style=\"text-align: justify;\"><strong>Arauca, 9 de enero de 2025.<\/strong> El Gobierno departamental, a trav\u00e9s de la Secretar\u00eda de Educaci\u00f3n, te invita a conocer el alcance del contrato 414 de 2024 que se encargar\u00e1 de la operaci\u00f3n del Programa de Alimentaci\u00f3n Escolar (PAE) para poblaci\u00f3n mayoritaria en los 7 municipios araucanos durante la vigencia 2025. Pr\u00f3ximamente se socializar\u00e1n los contratos del PAE para poblaci\u00f3n ind\u00edgena.<\/p>\n<p style=\"text-align: justify;\">Durante la semana del 13 al 17 de enero de 2025, se realizar\u00e1 un recorrido por los 7 municipios para dar a conocer los detalles del contrato en los siguientes lugares y horarios:<\/p>\n<p style=\"text-align: justify;\">&#8211; 13 de enero: Municipio de Arauca, Hotel Nova Park, 7:30 a.m.<br \/>&#8211; 13 de enero: Municipio de Arauquita, Auditorio Comit\u00e9 por la Defensa de los Derechos Humanos, 2:00 p.m.<br \/>&#8211; 14 de enero: Municipio de Saravena, Asedar, 7:30 a.m.<br \/>&#8211; 14 de enero: Municipio de Fortul, Asojuntas, 2:00 p.m.<br \/>&#8211; 15 de enero: Municipio de Tame, Biblioteca General Fray Ignacio Nari\u00f1o, 9:00 a.m.<br \/>&#8211; 16 de enero: Municipio de Puerto Rond\u00f3n, Concejo Municipal, 9:00 a.m.<br \/>&#8211; 17 de enero: Municipio de Cravo Norte, Instituci\u00f3n Educativa Jos\u00e9 Antonio Gal\u00e1n, 9:00 a.m.<\/p>\n<p>[\/et_pb_text][\/et_pb_column][\/et_pb_row][et_pb_row column_structure=\u00bb1_5,3_5,1_5&#8243; _builder_version=\u00bb4.27.4&#8243; _module_preset=\u00bbdefault\u00bb global_colors_info=\u00bb{}\u00bb][et_pb_column type=\u00bb1_5&#8243; _builder_version=\u00bb4.27.4&#8243; _module_preset=\u00bbdefault\u00bb global_colors_info=\u00bb{}\u00bb][\/et_pb_column][et_pb_column type=\u00bb3_5&#8243; _builder_version=\u00bb4.27.4&#8243; _module_preset=\u00bbdefault\u00bb global_colors_info=\u00bb{}\u00bb][et_pb_video src=\u00bbhttps:\/\/youtu.be\/4TmRBTGO8k0&#8243; _builder_version=\u00bb4.27.4&#8243; _module_preset=\u00bbdefault\u00bb width=\u00bb125%\u00bb custom_margin=\u00bb|-47px||-54px||\u00bb custom_padding=\u00bb2px|0px||||\u00bb border_radii=\u00bbon|30px|30px|30px|30px\u00bb global_colors_info=\u00bb{}\u00bb][\/et_pb_video][\/et_pb_column][et_pb_column type=\u00bb1_5&#8243; _builder_version=\u00bb4.27.4&#8243; _module_preset=\u00bbdefault\u00bb global_colors_info=\u00bb{}\u00bb][\/et_pb_column][\/et_pb_row][et_pb_row _builder_version=\u00bb4.27.4&#8243; _module_preset=\u00bbdefault\u00bb global_colors_info=\u00bb{}\u00bb][et_pb_column type=\u00bb4_4&#8243; _builder_version=\u00bb4.27.4&#8243; _module_preset=\u00bbdefault\u00bb global_colors_info=\u00bb{}\u00bb][et_pb_text _builder_version=\u00bb4.27.4&#8243; _module_preset=\u00bbdefault\u00bb global_colors_info=\u00bb{}\u00bb]<\/p>\n<p style=\"text-align: justify;\">Durante las jornadas de socializaci\u00f3n, el operador estar\u00e1 recibiendo hojas de vida de las manipuladoras de alimentos que cumplan con los requisitos y sean de la zona de influencia del establecimiento educativo donde deseen trabajar. Se priorizar\u00e1n las madres cabeza de familia con hijos estudiando en las sedes educativas.<\/p>\n<p style=\"text-align: justify;\">Es importante que los padres de familia y rectores se comprometan con el registro de la matr\u00edcula oportunamente, ya que del Sistema de Matr\u00edcula SIMAT depende la asignaci\u00f3n de los cupos del PAE y el n\u00famero de manipuladoras de alimentos a contratar.<\/p>\n<p style=\"text-align: justify;\">El secretario de Educaci\u00f3n, Ariel Pedraza Pinz\u00f3n, destac\u00f3 que \u00abel alistamiento para la operaci\u00f3n del PAE 2025 avanza satisfactoriamente, asegurando que el 20 de enero, d\u00eda que inicia el calendario acad\u00e9mico, estemos listos para brindar un complemento alimentario de calidad a nuestros estudiantes\u00bb.<\/p>\n<p style=\"text-align: justify;\">El gobierno departamental, liderado por el ingeniero Renson Mart\u00ednez, ratifica su compromiso con el Programa de Alimentaci\u00f3n Escolar, que busca mejorar el acceso y la permanencia de los estudiantes en la escuela, reduciendo el ausentismo.<\/p>\n<p style=\"text-align: justify;\">Recordemos que el a\u00f1o anterior, el PAE del departamento de Arauca fue reconocido como uno de los cuatro mejores del pa\u00eds, entre 97 Entidades Territoriales Certificadas. El reconocimiento oficial se realiz\u00f3 el 4 de diciembre de 2024 en la Noche de los Mejores del Ministerio de Educaci\u00f3n\u00a0Nacional.<\/p>\n<p>[\/et_pb_text][\/et_pb_column][\/et_pb_row][\/et_pb_section]<\/p>\n","protected":false},"excerpt":{"rendered":"<p>El gobierno departamental inicia el nuevo a\u00f1o escolar con buenas noticias: se ha aumentado la cobertura del PAE en 5.500 cupos, beneficiando a m\u00e1s de 33.500 estudiantes.Arauca, 9 de enero de 2025. El Gobierno departamental, a trav\u00e9s de la Secretar\u00eda de Educaci\u00f3n, te invita a conocer el alcance del contrato 414 de 2024 que se [&hellip;]<\/p>\n","protected":false},"author":1,"featured_media":10116,"comment_status":"closed","ping_status":"closed","sticky":false,"template":"","format":"standard","meta":{"_et_pb_use_builder":"on","_et_pb_old_content":"","_et_gb_content_width":"","footnotes":""},"categories":[21,6,17],"tags":[],"class_list":["post-10115","post","type-post","status-publish","format-standard","has-post-thumbnail","hentry","category-boletin","category-noticias","category-pae"],"_links":{"self":[{"href":"https:\/\/www.sedarauca.edu.co\/index.php\/wp-json\/wp\/v2\/posts\/10115","targetHints":{"allow":["GET"]}}],"collection":[{"href":"https:\/\/www.sedarauca.edu.co\/index.php\/wp-json\/wp\/v2\/posts"}],"about":[{"href":"https:\/\/www.sedarauca.edu.co\/index.php\/wp-json\/wp\/v2\/types\/post"}],"author":[{"embeddable":true,"href":"https:\/\/www.sedarauca.edu.co\/index.php\/wp-json\/wp\/v2\/users\/1"}],"replies":[{"embeddable":true,"href":"https:\/\/www.sedarauca.edu.co\/index.php\/wp-json\/wp\/v2\/comments?post=10115"}],"version-history":[{"count":6,"href":"https:\/\/www.sedarauca.edu.co\/index.php\/wp-json\/wp\/v2\/posts\/10115\/revisions"}],"predecessor-version":[{"id":10127,"href":"https:\/\/www.sedarauca.edu.co\/index.php\/wp-json\/wp\/v2\/posts\/10115\/revisions\/10127"}],"wp:featuredmedia":[{"embeddable":true,"href":"https:\/\/www.sedarauca.edu.co\/index.php\/wp-json\/wp\/v2\/media\/10116"}],"wp:attachment":[{"href":"https:\/\/www.sedarauca.edu.co\/index.php\/wp-json\/wp\/v2\/media?parent=10115"}],"wp:term":[{"taxonomy":"category","embeddable":true,"href":"https:\/\/www.sedarauca.edu.co\/index.php\/wp-json\/wp\/v2\/categories?post=10115"},{"taxonomy":"post_tag","embeddable":true,"href":"https:\/\/www.sedarauca.edu.co\/index.php\/wp-json\/wp\/v2\/tags?post=10115"}],"curies":[{"name":"wp","href":"https:\/\/api.w.org\/{rel}","templated":true}]}}