{"id":10092,"date":"2024-12-27T17:38:00","date_gmt":"2024-12-27T22:38:00","guid":{"rendered":"https:\/\/www.sedarauca.edu.co\/?p=10092"},"modified":"2024-12-28T10:45:45","modified_gmt":"2024-12-28T15:45:45","slug":"el-sabado-28-de-diciembre-es-un-dia-habil-para-temas-contractuales-y-presupuestales","status":"publish","type":"post","link":"https:\/\/www.sedarauca.edu.co\/index.php\/2024\/12\/27\/el-sabado-28-de-diciembre-es-un-dia-habil-para-temas-contractuales-y-presupuestales\/","title":{"rendered":"El s\u00e1bado 28 de diciembre es un d\u00eda h\u00e1bil para temas contractuales y presupuestales"},"content":{"rendered":"\n[et_pb_section fb_built=\u00bb1&#8243; theme_builder_area=\u00bbpost_content\u00bb _builder_version=\u00bb4.27.4&#8243; _module_preset=\u00bbdefault\u00bb][et_pb_row _builder_version=\u00bb4.27.4&#8243; _module_preset=\u00bbdefault\u00bb theme_builder_area=\u00bbpost_content\u00bb hover_enabled=\u00bb0&#8243; sticky_enabled=\u00bb0&#8243;][et_pb_column _builder_version=\u00bb4.27.4&#8243; _module_preset=\u00bbdefault\u00bb type=\u00bb4_4&#8243; theme_builder_area=\u00bbpost_content\u00bb][et_pb_text _builder_version=\u00bb4.27.4&#8243; _module_preset=\u00bbdefault\u00bb theme_builder_area=\u00bbpost_content\u00bb hover_enabled=\u00bb0&#8243; sticky_enabled=\u00bb0&#8243; custom_padding=\u00bb||0px|||\u00bb custom_margin=\u00bb-20px||||false|false\u00bb]<div data-olk-copy-source=\"MessageBody\" style=\"text-align: justify;\"><strong>Arauca, 27 de diciembre de 2024.<\/strong> El \u00e1rea de Servicio de Atenci\u00f3n al Ciudadano de la Secretar\u00eda de Educaci\u00f3n Departamental de Arauca informa que el d\u00eda martes 31 de diciembre de 2024, el horario de atenci\u00f3n al p\u00fablico, en la sede administrativa central (Edificio Gobernaci\u00f3n), ser\u00e1 de 7:00 a.m. a 01:00 p.m. en jornada continua.<\/div>\n<div data-olk-copy-source=\"MessageBody\" style=\"text-align: justify;\"><\/div>\n<div data-olk-copy-source=\"MessageBody\" style=\"text-align: justify;\">El servicio de atenci\u00f3n se reanudar\u00e1 con normalidad el jueves 26 de diciembre de 2024 en el horario de 8:00 a.m. a 12:00 m.d. y de 2:00 p.m. a 6.00 p.m.<\/div>\n<div data-olk-copy-source=\"MessageBody\" style=\"text-align: justify;\">\ud83d\udcccLes recordamos que pueden radicar sus solicitudes a trav\u00e9s del Sistema de Atenci\u00f3n al Ciudadano- SAC aqu\u00ed \ud83d\udc49\ud83c\udffd\u00a0<b><u><a class=\"x_OWAAutoLink\" id=\"LPlnkOWA8cb93cce-ebf8-9cef-d800-1dca57699934\" data-auth=\"NotApplicable\" rel=\"noopener noreferrer\" target=\"_blank\" href=\"https:\/\/www.sedarauca.edu.co\/?fbclid=IwZXh0bgNhZW0CMTAAAR3LYF-gaZKceRCwOL4b8MDYW-Vdb8ulemlfT4PL1j8ckxu0Zllz9YL9FKE_aem_B8RwQwo_QyZMKDvvxtV4Ng\" title=\"https:\/\/www.sedarauca.edu.co\/?fbclid=IwZXh0bgNhZW0CMTAAAR3LYF-gaZKceRCwOL4b8MDYW-Vdb8ulemlfT4PL1j8ckxu0Zllz9YL9FKE_aem_B8RwQwo_QyZMKDvvxtV4Ng\" data-linkindex=\"0\">www.sedarauca.edu.co<\/a><\/u><\/b>\u00a0o al correo electr\u00f3nico <a href=\"mailto:sac@sedarauca.gov.co\">sac@sedarauca.gov.co<\/a><\/div>\n<div style=\"text-align: justify;\"><\/div>\n<div style=\"text-align: justify;\">Agradecemos su comprensi\u00f3n y les deseamos felices fiestas.<\/div>[\/et_pb_text][\/et_pb_column][\/et_pb_row][et_pb_row _builder_version=\u00bb4.27.4&#8243; _module_preset=\u00bbdefault\u00bb theme_builder_area=\u00bbpost_content\u00bb link_option_url=\u00bbhttps:\/\/www.sedarauca.edu.co\/wp-content\/uploads\/2024\/12\/Resolucion-No.-4803-dia-habil-el-28-de-diciembre-de-2024.pdf\u00bb link_option_url_new_window=\u00bbon\u00bb hover_enabled=\u00bb0&#8243; sticky_enabled=\u00bb0&#8243;][et_pb_column _builder_version=\u00bb4.27.4&#8243; _module_preset=\u00bbdefault\u00bb type=\u00bb4_4&#8243; theme_builder_area=\u00bbpost_content\u00bb][et_pb_code _builder_version=\u00bb4.27.4&#8243; _module_preset=\u00bbdefault\u00bb theme_builder_area=\u00bbpost_content\u00bb link_option_url_new_window=\u00bbon\u00bb link_option_url=\u00bbhttps:\/\/www.sedarauca.edu.co\/wp-content\/uploads\/2024\/12\/Resolucion-No.-4803-dia-habil-el-28-de-diciembre-de-2024.pdf\u00bb hover_enabled=\u00bb0&#8243; sticky_enabled=\u00bb0&#8243;]<a href=\"https:\/\/www.sedarauca.edu.co\/wp-content\/uploads\/2024\/12\/Resolucion-No.-4803-dia-habil-el-28-de-diciembre-de-2024.pdf\" class=\"pdfemb-viewer\" style=\"\" data-width=\"max\" data-height=\"max\" data-toolbar=\"bottom\" data-toolbar-fixed=\"on\">Resolucion-No.-4803-dia-habil-el-28-de-diciembre-de-2024<\/a>[\/et_pb_code][\/et_pb_column][\/et_pb_row][\/et_pb_section]\n","protected":false},"excerpt":{"rendered":"<p>Arauca, 27 de diciembre de 2024. El \u00e1rea de Servicio de Atenci\u00f3n al Ciudadano de la Secretar\u00eda de Educaci\u00f3n Departamental de Arauca informa que el d\u00eda martes 31 de diciembre de 2024, el horario de atenci\u00f3n al p\u00fablico, en la sede administrativa central (Edificio Gobernaci\u00f3n), ser\u00e1 de 7:00 a.m. a 01:00 p.m. en jornada continua. [&hellip;]<\/p>\n","protected":false},"author":1,"featured_media":10094,"comment_status":"closed","ping_status":"closed","sticky":false,"template":"","format":"standard","meta":{"_et_pb_use_builder":"on","_et_pb_old_content":"","_et_gb_content_width":"","footnotes":""},"categories":[21,6],"tags":[],"class_list":["post-10092","post","type-post","status-publish","format-standard","has-post-thumbnail","hentry","category-boletin","category-noticias"],"_links":{"self":[{"href":"https:\/\/www.sedarauca.edu.co\/index.php\/wp-json\/wp\/v2\/posts\/10092","targetHints":{"allow":["GET"]}}],"collection":[{"href":"https:\/\/www.sedarauca.edu.co\/index.php\/wp-json\/wp\/v2\/posts"}],"about":[{"href":"https:\/\/www.sedarauca.edu.co\/index.php\/wp-json\/wp\/v2\/types\/post"}],"author":[{"embeddable":true,"href":"https:\/\/www.sedarauca.edu.co\/index.php\/wp-json\/wp\/v2\/users\/1"}],"replies":[{"embeddable":true,"href":"https:\/\/www.sedarauca.edu.co\/index.php\/wp-json\/wp\/v2\/comments?post=10092"}],"version-history":[{"count":3,"href":"https:\/\/www.sedarauca.edu.co\/index.php\/wp-json\/wp\/v2\/posts\/10092\/revisions"}],"predecessor-version":[{"id":10097,"href":"https:\/\/www.sedarauca.edu.co\/index.php\/wp-json\/wp\/v2\/posts\/10092\/revisions\/10097"}],"wp:featuredmedia":[{"embeddable":true,"href":"https:\/\/www.sedarauca.edu.co\/index.php\/wp-json\/wp\/v2\/media\/10094"}],"wp:attachment":[{"href":"https:\/\/www.sedarauca.edu.co\/index.php\/wp-json\/wp\/v2\/media?parent=10092"}],"wp:term":[{"taxonomy":"category","embeddable":true,"href":"https:\/\/www.sedarauca.edu.co\/index.php\/wp-json\/wp\/v2\/categories?post=10092"},{"taxonomy":"post_tag","embeddable":true,"href":"https:\/\/www.sedarauca.edu.co\/index.php\/wp-json\/wp\/v2\/tags?post=10092"}],"curies":[{"name":"wp","href":"https:\/\/api.w.org\/{rel}","templated":true}]}}