{"id":10085,"date":"2024-12-27T16:57:00","date_gmt":"2024-12-27T21:57:00","guid":{"rendered":"https:\/\/www.sedarauca.edu.co\/?p=10085"},"modified":"2024-12-28T10:46:16","modified_gmt":"2024-12-28T15:46:16","slug":"no-caiga-en-falsas-ofertas-y-convocatorias-de-empleo-para-docentes-que-circulan-en-medios-digitales","status":"publish","type":"post","link":"https:\/\/www.sedarauca.edu.co\/index.php\/2024\/12\/27\/no-caiga-en-falsas-ofertas-y-convocatorias-de-empleo-para-docentes-que-circulan-en-medios-digitales\/","title":{"rendered":"No caiga en falsas ofertas y convocatorias de empleo para docentes que circulan en medios digitales"},"content":{"rendered":"\n[et_pb_section fb_built=\u00bb1&#8243; theme_builder_area=\u00bbpost_content\u00bb _builder_version=\u00bb4.27.4&#8243; _module_preset=\u00bbdefault\u00bb][et_pb_row _builder_version=\u00bb4.27.4&#8243; _module_preset=\u00bbdefault\u00bb theme_builder_area=\u00bbpost_content\u00bb][et_pb_column _builder_version=\u00bb4.27.4&#8243; _module_preset=\u00bbdefault\u00bb type=\u00bb4_4&#8243; theme_builder_area=\u00bbpost_content\u00bb][et_pb_text _builder_version=\u00bb4.27.4&#8243; _module_preset=\u00bbdefault\u00bb theme_builder_area=\u00bbpost_content\u00bb custom_margin=\u00bb-30px||||false|false\u00bb hover_enabled=\u00bb0&#8243; sticky_enabled=\u00bb0&#8243;]<p style=\"text-align: center;\"><em>La Gobernaci\u00f3n de Arauca advierte a ciudadanos sobre supuestas ofertas laborales para docentes a trav\u00e9s de medios digitales, en las que les solicitan dinero para acceder a ellas.<\/em><\/p>[\/et_pb_text][\/et_pb_column][\/et_pb_row][et_pb_row _builder_version=\u00bb4.27.4&#8243; _module_preset=\u00bbdefault\u00bb theme_builder_area=\u00bbpost_content\u00bb][et_pb_column _builder_version=\u00bb4.27.4&#8243; _module_preset=\u00bbdefault\u00bb type=\u00bb4_4&#8243; theme_builder_area=\u00bbpost_content\u00bb][et_pb_text _builder_version=\u00bb4.27.4&#8243; _module_preset=\u00bbdefault\u00bb theme_builder_area=\u00bbpost_content\u00bb hover_enabled=\u00bb0&#8243; sticky_enabled=\u00bb0&#8243;]<div class=\"x_elementToProof\" style=\"text-align: justify;\"><b data-olk-copy-source=\"MessageBody\">Arauca, 26 de diciembre de 2024.<\/b>\u00a0La Secretar\u00eda de Educaci\u00f3n Departamental de Arauca reitera la recomendaci\u00f3n a profesionales, licenciados y ciudadan\u00eda en general de comprobar siempre a trav\u00e9s de los canales oficiales de la entidad la veracidad de cualquier oferta de empleo, convocatoria y todo tipo de anuncios publicitarios en medios digitales, a trav\u00e9s de los cuales se ofrecen supuestos contratos de empleo para docentes.<\/div>\n<div aria-hidden=\"true\" style=\"text-align: justify;\">\u00a0<\/div>\n<div class=\"x_elementToProof\" style=\"text-align: justify;\">La informaci\u00f3n se da debido a que nuevamente tanto el Ministerio de Educaci\u00f3n como la Secretar\u00eda de Educaci\u00f3n Departamental ha tenido conocimiento y recibido reportes de ciudadanos, a qui\u00e9nes, les han ofrecido supuestos empleos y solicitado dinero para tr\u00e1mites y otros con el fin de poder acceder a esas supuestas ofertas laborales.<\/div>\n<div aria-hidden=\"true\" style=\"text-align: justify;\">\u00a0<\/div>\n<div style=\"text-align: justify;\">Es importante recordarle a la comunidad educativa que los mecanismos de vinculaci\u00f3n de profesionales a los empleos de docente o directivo docente en Colombia est\u00e1 definida bajo dos procesos exclusivamente:<\/div>\n<div aria-hidden=\"true\" style=\"text-align: justify;\">\u00a0<\/div>\n<div style=\"text-align: justify;\">1. Concurso de m\u00e9ritos a trav\u00e9s de la Comisi\u00f3n Nacional del Servicio Civil para ingresar a la carrera administrativa y<\/div>\n<div aria-hidden=\"true\" style=\"text-align: justify;\">\u00a0<\/div>\n<div style=\"text-align: justify;\">2. la plataforma Sistema Maestro mediante la cual las Secretar\u00edas de Educaci\u00f3n o Entidades Territoriales Certificadas -ETC-, suplen las vacantes provisionales en cada territorio.<\/div>\n<div aria-hidden=\"true\" style=\"text-align: justify;\">\u00a0<\/div>\n<div class=\"x_elementToProof\" style=\"text-align: justify;\">En respuesta a los casos que se han reportado, adem\u00e1s de interponer las acciones legales correspondientes, se recomienda a los funcionarios de las instituciones educativas, licenciados, profesionales y ciudadanos en general a:<\/div>\n<div class=\"x_elementToProof\" style=\"text-align: justify;\"><\/div>\n<ul>\n<li style=\"text-align: justify;\">En caso de ser v\u00edctima o conocer de una situaci\u00f3n como la mencionada, denunciar estos hechos ante la Fiscal\u00eda General de la Naci\u00f3n.<\/li>\n<li style=\"text-align: justify;\">Abstenerse de ceder a solicitudes de dinero, intermediaci\u00f3n o cualquier otra situaci\u00f3n, supuestamente para poder postularse y tomar un empleo en el sector educativo oficial.<\/li>\n<li style=\"text-align: justify;\">Ante cualquier duda o sospecha, verificar la informaci\u00f3n siempre a trav\u00e9s de los canales institucionales del Ministerio de Educaci\u00f3n Nacional PBX 2222800, l\u00ednea gratuita nacional 018000910122, cuentas de correo electr\u00f3nico institucional, p\u00e1gina web oficial<span>\u00a0<\/span><span><u><a class=\"x_OWAAutoLink\" id=\"OWA549dfa66-1ef4-cb37-abc8-71427a9a85fd\" data-auth=\"NotApplicable\" rel=\"noopener noreferrer\" target=\"_blank\" href=\"https:\/\/www.mineducacion.gov.co\/portal\/\" title=\"https:\/\/www.mineducacion.gov.co\/portal\/\" data-linkindex=\"0\">www.mineducacion.gov.co<\/a><\/u><\/span>,<span>\u00a0<\/span><span><u><a class=\"x_OWAAutoLink\" id=\"OWA7d90b94c-601f-09c7-c4fe-4ce7f9b309c7\" data-auth=\"NotApplicable\" rel=\"noopener noreferrer\" target=\"_blank\" href=\"https:\/\/www.sedarauca.edu.co\/\" title=\"https:\/\/www.sedarauca.edu.co\" data-linkindex=\"1\">www.sedarauca.edu.co<\/a><\/u><\/span>\u00a0\u00a0y las cuentas de las redes sociales @Mineducacion @Secretar\u00edadeEducaci\u00f3nDepartamentaldeArauca.<\/li>\n<\/ul>[\/et_pb_text][\/et_pb_column][\/et_pb_row][\/et_pb_section]\n","protected":false},"excerpt":{"rendered":"<p>La Gobernaci\u00f3n de Arauca advierte a ciudadanos sobre supuestas ofertas laborales para docentes a trav\u00e9s de medios digitales, en las que les solicitan dinero para acceder a ellas.Arauca, 26 de diciembre de 2024.\u00a0La Secretar\u00eda de Educaci\u00f3n Departamental de Arauca reitera la recomendaci\u00f3n a profesionales, licenciados y ciudadan\u00eda en general de comprobar siempre a trav\u00e9s de [&hellip;]<\/p>\n","protected":false},"author":1,"featured_media":10089,"comment_status":"closed","ping_status":"closed","sticky":false,"template":"","format":"standard","meta":{"_et_pb_use_builder":"on","_et_pb_old_content":"","_et_gb_content_width":"","footnotes":""},"categories":[6],"tags":[],"class_list":["post-10085","post","type-post","status-publish","format-standard","has-post-thumbnail","hentry","category-noticias"],"_links":{"self":[{"href":"https:\/\/www.sedarauca.edu.co\/index.php\/wp-json\/wp\/v2\/posts\/10085","targetHints":{"allow":["GET"]}}],"collection":[{"href":"https:\/\/www.sedarauca.edu.co\/index.php\/wp-json\/wp\/v2\/posts"}],"about":[{"href":"https:\/\/www.sedarauca.edu.co\/index.php\/wp-json\/wp\/v2\/types\/post"}],"author":[{"embeddable":true,"href":"https:\/\/www.sedarauca.edu.co\/index.php\/wp-json\/wp\/v2\/users\/1"}],"replies":[{"embeddable":true,"href":"https:\/\/www.sedarauca.edu.co\/index.php\/wp-json\/wp\/v2\/comments?post=10085"}],"version-history":[{"count":3,"href":"https:\/\/www.sedarauca.edu.co\/index.php\/wp-json\/wp\/v2\/posts\/10085\/revisions"}],"predecessor-version":[{"id":10090,"href":"https:\/\/www.sedarauca.edu.co\/index.php\/wp-json\/wp\/v2\/posts\/10085\/revisions\/10090"}],"wp:featuredmedia":[{"embeddable":true,"href":"https:\/\/www.sedarauca.edu.co\/index.php\/wp-json\/wp\/v2\/media\/10089"}],"wp:attachment":[{"href":"https:\/\/www.sedarauca.edu.co\/index.php\/wp-json\/wp\/v2\/media?parent=10085"}],"wp:term":[{"taxonomy":"category","embeddable":true,"href":"https:\/\/www.sedarauca.edu.co\/index.php\/wp-json\/wp\/v2\/categories?post=10085"},{"taxonomy":"post_tag","embeddable":true,"href":"https:\/\/www.sedarauca.edu.co\/index.php\/wp-json\/wp\/v2\/tags?post=10085"}],"curies":[{"name":"wp","href":"https:\/\/api.w.org\/{rel}","templated":true}]}}