{"id":1007,"date":"2022-12-05T12:57:50","date_gmt":"2022-12-05T17:57:50","guid":{"rendered":"http:\/\/www.sedarauca.edu.co\/?p=1007"},"modified":"2022-12-05T12:59:42","modified_gmt":"2022-12-05T17:59:42","slug":"en-arauca-se-llevara-a-cabo-taller-de-masculinidades-para-docentes","status":"publish","type":"post","link":"https:\/\/www.sedarauca.edu.co\/index.php\/2022\/12\/05\/en-arauca-se-llevara-a-cabo-taller-de-masculinidades-para-docentes\/","title":{"rendered":"<strong>En Arauca se llevar\u00e1 a cabo taller de \u201cMasculinidades\u201d para docentes<\/strong>"},"content":{"rendered":"\n[et_pb_section fb_built=\u00bb1&#8243; theme_builder_area=\u00bbpost_content\u00bb _builder_version=\u00bb4.19.2&#8243; _module_preset=\u00bbdefault\u00bb][et_pb_row _builder_version=\u00bb4.19.2&#8243; _module_preset=\u00bbdefault\u00bb theme_builder_area=\u00bbpost_content\u00bb hover_enabled=\u00bb0&#8243; sticky_enabled=\u00bb0&#8243;][et_pb_column _builder_version=\u00bb4.19.2&#8243; _module_preset=\u00bbdefault\u00bb type=\u00bb4_4&#8243; theme_builder_area=\u00bbpost_content\u00bb][et_pb_text _builder_version=\u00bb4.19.2&#8243; _module_preset=\u00bbdefault\u00bb theme_builder_area=\u00bbpost_content\u00bb hover_enabled=\u00bb0&#8243; sticky_enabled=\u00bb0&#8243;]<p style=\"text-align: justify;\"><i><span lang=\"ES-MX\">Este evento es una articulaci\u00f3n entre la Red de Espacios Seguros de Arauca, la Defensor\u00eda del Pueblo y la Secretar\u00eda de Educaci\u00f3n Departamental con el apoyo del ACNUR y se realiza en el marco de los 16 d\u00edas de activismo en contra de las violencias hacia las mujeres y las ni\u00f1as.<\/span><\/i><\/p>[\/et_pb_text][\/et_pb_column][\/et_pb_row][et_pb_row _builder_version=\u00bb4.19.2&#8243; _module_preset=\u00bbdefault\u00bb theme_builder_area=\u00bbpost_content\u00bb][et_pb_column _builder_version=\u00bb4.19.2&#8243; _module_preset=\u00bbdefault\u00bb type=\u00bb4_4&#8243; theme_builder_area=\u00bbpost_content\u00bb][et_pb_text _builder_version=\u00bb4.19.2&#8243; _module_preset=\u00bbdefault\u00bb theme_builder_area=\u00bbpost_content\u00bb hover_enabled=\u00bb0&#8243; sticky_enabled=\u00bb0&#8243;]<p style=\"text-align: justify;\"><strong>Arauca, 01 de diciembre de 2022. \u00a0<\/strong>La Secretar\u00eda de Educaci\u00f3n Departamental de Arauca invita a los docentes hombres del municipio de Arauca a participar en el taller presencial \u201cMasculinidades Arauca 2022\u201d, cuyo enfoque est\u00e1 dirigido a fortalecer la labor de los docentes en la escuela para prevenir y eliminar la violencia contra mujeres y ni\u00f1as en el territorio araucano.<\/p>\n<p style=\"text-align: justify;\">A trav\u00e9s de este taller se capacita principalmente a los docentes hombres para llevar a cabo procesos de sensibilizaci\u00f3n sobre las masculinidades, derechos humanos y equidad de g\u00e9nero, que les permita reflexionar de una manera cr\u00edtica y propositiva sobre la construcci\u00f3n tradicional de la masculinidad, enfocando la mirada en el ejercicio de las violencias de g\u00e9nero y mostrando alternativas para fortalecer relaciones igualitarias que contribuyan al desarrollo social en el departamento de Arauca.<\/p>\n<p style=\"text-align: justify;\">De esta forma, la Red de Espacios Seguros de Arauca, la Defensor\u00eda del Pueblo y la Secretar\u00eda de Educaci\u00f3n Departamental con el apoyo del ACNUR, impulsa acciones para que, desde el sector educativo, los hombres participen activamente en la construcci\u00f3n de la igualdad de g\u00e9nero y la no violencia contra la mujer, y sus aprendizajes puedan ponerlos en pr\u00e1ctica en el aula, promoviendo estos valores en la comunidad estudiantil.<\/p>\n<p>El taller se realizar\u00e1 el d\u00eda lunes 5 de diciembre de 2022 en el horario de 2:00 p.m. a 6:00 p.m. en el Auditorio del Colegio Santander sede primaria ubicado en la carrera 22 No. 20 \u2013 2 en el municipio de Arauca y contar\u00e1 con certificaci\u00f3n para los asistentes. La inscripci\u00f3n se puede hacer a trav\u00e9s del siguiente enlace<span>\u00a0<\/span><a href=\"https:\/\/forms.gle\/YgqMgbxCGXpw6E1o8\" data-saferedirecturl=\"https:\/\/www.google.com\/url?q=https:\/\/forms.gle\/YgqMgbxCGXpw6E1o8&amp;source=gmail&amp;ust=1670346255110000&amp;usg=AOvVaw2ZVPxsYZux_pfQTel7d4N1\">https:\/\/forms.gle\/YgqMgbxCGXpw6E1o8<\/a>.<\/p>[\/et_pb_text][\/et_pb_column][\/et_pb_row][\/et_pb_section]\n","protected":false},"excerpt":{"rendered":"<p>Este evento es una articulaci\u00f3n entre la Red de Espacios Seguros de Arauca, la Defensor\u00eda del Pueblo y la Secretar\u00eda de Educaci\u00f3n Departamental con el apoyo del ACNUR y se realiza en el marco de los 16 d\u00edas de activismo en contra de las violencias hacia las mujeres y las ni\u00f1as.Arauca, 01 de diciembre de [&hellip;]<\/p>\n","protected":false},"author":1,"featured_media":1012,"comment_status":"closed","ping_status":"closed","sticky":false,"template":"","format":"standard","meta":{"_et_pb_use_builder":"on","_et_pb_old_content":"","_et_gb_content_width":"","footnotes":""},"categories":[26,6],"tags":[],"class_list":["post-1007","post","type-post","status-publish","format-standard","has-post-thumbnail","hentry","category-capacitacion","category-noticias"],"_links":{"self":[{"href":"https:\/\/www.sedarauca.edu.co\/index.php\/wp-json\/wp\/v2\/posts\/1007","targetHints":{"allow":["GET"]}}],"collection":[{"href":"https:\/\/www.sedarauca.edu.co\/index.php\/wp-json\/wp\/v2\/posts"}],"about":[{"href":"https:\/\/www.sedarauca.edu.co\/index.php\/wp-json\/wp\/v2\/types\/post"}],"author":[{"embeddable":true,"href":"https:\/\/www.sedarauca.edu.co\/index.php\/wp-json\/wp\/v2\/users\/1"}],"replies":[{"embeddable":true,"href":"https:\/\/www.sedarauca.edu.co\/index.php\/wp-json\/wp\/v2\/comments?post=1007"}],"version-history":[{"count":3,"href":"https:\/\/www.sedarauca.edu.co\/index.php\/wp-json\/wp\/v2\/posts\/1007\/revisions"}],"predecessor-version":[{"id":1013,"href":"https:\/\/www.sedarauca.edu.co\/index.php\/wp-json\/wp\/v2\/posts\/1007\/revisions\/1013"}],"wp:featuredmedia":[{"embeddable":true,"href":"https:\/\/www.sedarauca.edu.co\/index.php\/wp-json\/wp\/v2\/media\/1012"}],"wp:attachment":[{"href":"https:\/\/www.sedarauca.edu.co\/index.php\/wp-json\/wp\/v2\/media?parent=1007"}],"wp:term":[{"taxonomy":"category","embeddable":true,"href":"https:\/\/www.sedarauca.edu.co\/index.php\/wp-json\/wp\/v2\/categories?post=1007"},{"taxonomy":"post_tag","embeddable":true,"href":"https:\/\/www.sedarauca.edu.co\/index.php\/wp-json\/wp\/v2\/tags?post=1007"}],"curies":[{"name":"wp","href":"https:\/\/api.w.org\/{rel}","templated":true}]}}