{"id":10062,"date":"2024-12-17T11:13:50","date_gmt":"2024-12-17T16:13:50","guid":{"rendered":"https:\/\/www.sedarauca.edu.co\/?p=10062"},"modified":"2024-12-17T17:04:15","modified_gmt":"2024-12-17T22:04:15","slug":"convocatoria-laboral-interna-n-036-de-2024-encargo-vacante-temporal-de-auxiliar-administrativo-codigo-407-grado-08-i-e-rafael-pombo","status":"publish","type":"post","link":"https:\/\/www.sedarauca.edu.co\/index.php\/2024\/12\/17\/convocatoria-laboral-interna-n-036-de-2024-encargo-vacante-temporal-de-auxiliar-administrativo-codigo-407-grado-08-i-e-rafael-pombo\/","title":{"rendered":"Convocatoria laboral interna N\u00b0 030 de 2024, Encargo Vacante Temporal de Auxiliar Administrativo, C\u00f3digo 407, Grado 08 &#8211; I. E. Rafael Pombo"},"content":{"rendered":"<p>[et_pb_section fb_built=\u00bb1&#8243; _builder_version=\u00bb4.27.4&#8243; _module_preset=\u00bbdefault\u00bb global_colors_info=\u00bb{}\u00bb][et_pb_row _builder_version=\u00bb4.27.4&#8243; _module_preset=\u00bbdefault\u00bb global_colors_info=\u00bb{}\u00bb][et_pb_column type=\u00bb4_4&#8243; _builder_version=\u00bb4.27.4&#8243; _module_preset=\u00bbdefault\u00bb global_colors_info=\u00bb{}\u00bb][et_pb_text _builder_version=\u00bb4.27.4&#8243; _module_preset=\u00bbdefault\u00bb custom_margin=\u00bb-20px||||false|false\u00bb hover_enabled=\u00bb0&#8243; global_colors_info=\u00bb{}\u00bb sticky_enabled=\u00bb0&#8243;]<\/p>\n<p style=\"text-align: justify;\"><strong>Arauca, 17 de diciembre de 2024.<\/strong> La Secretar\u00eda de Educaci\u00f3n Departamental, a trav\u00e9s de la Convocatoria Laboral Interna No. 030 de 2024, invita a los servidores p\u00fablicos de la Gobernaci\u00f3n de Arauca pertenecientes al nivel asistencial y con derechos de carrera, a postularse para el encargo temporal del cargo de Auxiliar Administrativo, C\u00f3digo 407, Grado 08. La vacante, financiada con recursos del Sistema General de Participaciones \u2013 Educaci\u00f3n, est\u00e1 adscrita al establecimiento educativo Rafael Pombo del municipio de Saravena.<\/p>\n<p style=\"text-align: justify;\"><strong>Prop\u00f3sito del cargo:<\/strong><\/p>\n<p style=\"text-align: justify;\">Brindar apoyo administrativo y ejecutar actividades complementarias asignadas que contribuyan al correcto funcionamiento del establecimiento educativo.<\/p>\n<p style=\"text-align: justify;\"><strong>Postulaciones:<\/strong><\/p>\n<p style=\"text-align: justify;\">\u2022 <em>Plazo:<\/em>\u00a0 \u00a0 \u00a0 \u00a0 \u00a0Hasta el 20 de diciembre de 2024.<br \/>\u2022 <em>Lugar de recepci\u00f3n:<\/em><br \/>\u00a0 \u00a0 \u00a0 \u00a0 \u00a0 \u00a0 \u00a0 \u00a0 \u00a0 \u00a0 \u00a0 Archivo Central de la Gobernaci\u00f3n de Arauca.<br \/>\u00a0 \u00a0 \u00a0 \u00a0 \u00a0 \u00a0 \u00a0 \u00a0 \u00a0 \u00a0 \u00a0 Plataforma de Servicio de Atenci\u00f3n al Ciudadano (SAC).<br \/>\u2022 <em>Requisito:<\/em> Adjuntar soportes que certifiquen su experiencia, independientemente de que esta informaci\u00f3n ya est\u00e9 registrada en la hoja de vida.<\/p>\n<p style=\"text-align: justify;\">Consulte los detalles y requisitos de la convocatoria\u00a0en\u00a0el\u00a0PDF.<\/p>\n<p>[\/et_pb_text][\/et_pb_column][\/et_pb_row][et_pb_row _builder_version=\u00bb4.27.4&#8243; _module_preset=\u00bbdefault\u00bb link_option_url=\u00bbhttps:\/\/www.sedarauca.edu.co\/wp-content\/uploads\/2024\/12\/CONVOCATORIA-030-DE-2024.pdf\u00bb link_option_url_new_window=\u00bbon\u00bb global_colors_info=\u00bb{}\u00bb][et_pb_column type=\u00bb4_4&#8243; _builder_version=\u00bb4.27.4&#8243; _module_preset=\u00bbdefault\u00bb global_colors_info=\u00bb{}\u00bb][et_pb_code _builder_version=\u00bb4.27.4&#8243; _module_preset=\u00bbdefault\u00bb link_option_url=\u00bbhttps:\/\/www.sedarauca.edu.co\/wp-content\/uploads\/2024\/12\/CONVOCATORIA-030-DE-2024.pdf\u00bb link_option_url_new_window=\u00bbon\u00bb global_colors_info=\u00bb{}\u00bb]<a href=\"https:\/\/www.sedarauca.edu.co\/wp-content\/uploads\/2024\/12\/CONVOCATORIA-030-DE-2024.pdf\" class=\"pdfemb-viewer\" style=\"\" data-width=\"max\" data-height=\"max\" data-toolbar=\"bottom\" data-toolbar-fixed=\"on\">CONVOCATORIA-030-DE-2024<\/a>[\/et_pb_code][\/et_pb_column][\/et_pb_row][\/et_pb_section]<\/p>\n","protected":false},"excerpt":{"rendered":"<p>Arauca, 17 de diciembre de 2024. La Secretar\u00eda de Educaci\u00f3n Departamental, a trav\u00e9s de la Convocatoria Laboral Interna No. 030 de 2024, invita a los servidores p\u00fablicos de la Gobernaci\u00f3n de Arauca pertenecientes al nivel asistencial y con derechos de carrera, a postularse para el encargo temporal del cargo de Auxiliar Administrativo, C\u00f3digo 407, Grado [&hellip;]<\/p>\n","protected":false},"author":1,"featured_media":10068,"comment_status":"closed","ping_status":"closed","sticky":false,"template":"","format":"standard","meta":{"_et_pb_use_builder":"on","_et_pb_old_content":"","_et_gb_content_width":"","footnotes":""},"categories":[7,25],"tags":[],"class_list":["post-10062","post","type-post","status-publish","format-standard","has-post-thumbnail","hentry","category-convocatoria","category-publicacion"],"_links":{"self":[{"href":"https:\/\/www.sedarauca.edu.co\/index.php\/wp-json\/wp\/v2\/posts\/10062","targetHints":{"allow":["GET"]}}],"collection":[{"href":"https:\/\/www.sedarauca.edu.co\/index.php\/wp-json\/wp\/v2\/posts"}],"about":[{"href":"https:\/\/www.sedarauca.edu.co\/index.php\/wp-json\/wp\/v2\/types\/post"}],"author":[{"embeddable":true,"href":"https:\/\/www.sedarauca.edu.co\/index.php\/wp-json\/wp\/v2\/users\/1"}],"replies":[{"embeddable":true,"href":"https:\/\/www.sedarauca.edu.co\/index.php\/wp-json\/wp\/v2\/comments?post=10062"}],"version-history":[{"count":10,"href":"https:\/\/www.sedarauca.edu.co\/index.php\/wp-json\/wp\/v2\/posts\/10062\/revisions"}],"predecessor-version":[{"id":10078,"href":"https:\/\/www.sedarauca.edu.co\/index.php\/wp-json\/wp\/v2\/posts\/10062\/revisions\/10078"}],"wp:featuredmedia":[{"embeddable":true,"href":"https:\/\/www.sedarauca.edu.co\/index.php\/wp-json\/wp\/v2\/media\/10068"}],"wp:attachment":[{"href":"https:\/\/www.sedarauca.edu.co\/index.php\/wp-json\/wp\/v2\/media?parent=10062"}],"wp:term":[{"taxonomy":"category","embeddable":true,"href":"https:\/\/www.sedarauca.edu.co\/index.php\/wp-json\/wp\/v2\/categories?post=10062"},{"taxonomy":"post_tag","embeddable":true,"href":"https:\/\/www.sedarauca.edu.co\/index.php\/wp-json\/wp\/v2\/tags?post=10062"}],"curies":[{"name":"wp","href":"https:\/\/api.w.org\/{rel}","templated":true}]}}