{"id":10053,"date":"2024-12-16T14:52:00","date_gmt":"2024-12-16T19:52:00","guid":{"rendered":"https:\/\/www.sedarauca.edu.co\/?p=10053"},"modified":"2024-12-16T17:45:29","modified_gmt":"2024-12-16T22:45:29","slug":"en-2025-todos-al-cole-abiertas-las-matriculas-en-las-instituciones-educativas-oficiales-de-arauca","status":"publish","type":"post","link":"https:\/\/www.sedarauca.edu.co\/index.php\/2024\/12\/16\/en-2025-todos-al-cole-abiertas-las-matriculas-en-las-instituciones-educativas-oficiales-de-arauca\/","title":{"rendered":"En 2025, \u00a1Todos al Cole! Abiertas las matr\u00edculas en las instituciones educativas oficiales de Arauca"},"content":{"rendered":"<p>[et_pb_section fb_built=\u00bb1&#8243; theme_builder_area=\u00bbpost_content\u00bb _builder_version=\u00bb4.27.4&#8243; _module_preset=\u00bbdefault\u00bb][et_pb_row _builder_version=\u00bb4.27.4&#8243; _module_preset=\u00bbdefault\u00bb theme_builder_area=\u00bbpost_content\u00bb][et_pb_column _builder_version=\u00bb4.27.4&#8243; _module_preset=\u00bbdefault\u00bb type=\u00bb4_4&#8243; theme_builder_area=\u00bbpost_content\u00bb][et_pb_text _builder_version=\u00bb4.27.4&#8243; _module_preset=\u00bbdefault\u00bb theme_builder_area=\u00bbpost_content\u00bb custom_margin=\u00bb-20px||||false|false\u00bb hover_enabled=\u00bb0&#8243; sticky_enabled=\u00bb0&#8243;]<\/p>\n<p style=\"text-align: center;\">Seg\u00fan lo establecido en la Resoluci\u00f3n No. 3628 de 2024, las clases comenzar\u00e1n el 20 de enero de 2025.<\/p>\n<p style=\"text-align: center;\">El prop\u00f3sito es que padres de familia y ni\u00f1os y adolescentes interioricen el impacto de la educaci\u00f3n en sus vidas y matriculen a sus hijos. <\/p>\n<p>[\/et_pb_text][\/et_pb_column][\/et_pb_row][et_pb_row _builder_version=\u00bb4.27.4&#8243; _module_preset=\u00bbdefault\u00bb column_structure=\u00bb1_5,3_5,1_5&#8243; theme_builder_area=\u00bbpost_content\u00bb][et_pb_column _builder_version=\u00bb4.27.4&#8243; _module_preset=\u00bbdefault\u00bb type=\u00bb1_5&#8243; theme_builder_area=\u00bbpost_content\u00bb][\/et_pb_column][et_pb_column _builder_version=\u00bb4.27.4&#8243; _module_preset=\u00bbdefault\u00bb type=\u00bb3_5&#8243; theme_builder_area=\u00bbpost_content\u00bb][et_pb_image src=\u00bbhttps:\/\/www.sedarauca.edu.co\/wp-content\/uploads\/2024\/12\/TodosAlCole02.jpg\u00bb _builder_version=\u00bb4.27.4&#8243; _module_preset=\u00bbdefault\u00bb theme_builder_area=\u00bbpost_content\u00bb title_text=\u00bbTodosAlCole02&#8243; hover_enabled=\u00bb0&#8243; sticky_enabled=\u00bb0&#8243;][\/et_pb_image][\/et_pb_column][et_pb_column _builder_version=\u00bb4.27.4&#8243; _module_preset=\u00bbdefault\u00bb type=\u00bb1_5&#8243; theme_builder_area=\u00bbpost_content\u00bb][\/et_pb_column][\/et_pb_row][et_pb_row _builder_version=\u00bb4.27.4&#8243; _module_preset=\u00bbdefault\u00bb theme_builder_area=\u00bbpost_content\u00bb][et_pb_column _builder_version=\u00bb4.27.4&#8243; _module_preset=\u00bbdefault\u00bb type=\u00bb4_4&#8243; theme_builder_area=\u00bbpost_content\u00bb][et_pb_text _builder_version=\u00bb4.27.4&#8243; _module_preset=\u00bbdefault\u00bb theme_builder_area=\u00bbpost_content\u00bb hover_enabled=\u00bb0&#8243; sticky_enabled=\u00bb0&#8243;]<\/p>\n<p style=\"text-align: justify;\"><strong>Arauca, 13 de diciembre de 2024.<\/strong> Las instituciones educativas oficiales del departamento de Arauca ya tienen abiertas las matr\u00edculas para el a\u00f1o escolar 2025. Este proceso, completamente gratuito, est\u00e1 dirigido a ni\u00f1os, ni\u00f1as, j\u00f3venes y adultos, y cubre desde preescolar hasta educaci\u00f3n media, incluyendo educaci\u00f3n formal para adultos y atenci\u00f3n especial para estudiantes con discapacidad y talentos excepcionales.<\/p>\n<p style=\"text-align: justify;\">La educaci\u00f3n ha sido priorizada como un pilar fundamental en el Plan de Desarrollo Departamental 2024-2027 liderado por el gobernador Renson Mart\u00ednez Prada. Este enfoque busca promover trayectorias educativas completas que contribuyan a transformar el territorio y garantizar el acceso y la calidad del sistema educativo para todos los araucanos.<\/p>\n<p style=\"text-align: justify;\">Con esta visi\u00f3n, se ha lanzado la campa\u00f1a \u201cTodos al Cole\u201d, cuyo objetivo es inscribir a cerca de 60 mil ni\u00f1os, ni\u00f1as y adolescentes en las instituciones educativas oficiales de los siete municipios del departamento. El secretario de Educaci\u00f3n Departamental, Ariel Pedraza, destac\u00f3 que m\u00e1s all\u00e1 de garantizar el derecho a la educaci\u00f3n, incrementar la matr\u00edcula tambi\u00e9n fortalece la asignaci\u00f3n de recursos a las instituciones educativas.<\/p>\n<p>[\/et_pb_text][\/et_pb_column][\/et_pb_row][et_pb_row _builder_version=\u00bb4.27.4&#8243; _module_preset=\u00bbdefault\u00bb column_structure=\u00bb1_5,3_5,1_5&#8243; theme_builder_area=\u00bbpost_content\u00bb][et_pb_column _builder_version=\u00bb4.27.4&#8243; _module_preset=\u00bbdefault\u00bb type=\u00bb1_5&#8243; theme_builder_area=\u00bbpost_content\u00bb][\/et_pb_column][et_pb_column _builder_version=\u00bb4.27.4&#8243; _module_preset=\u00bbdefault\u00bb type=\u00bb3_5&#8243; theme_builder_area=\u00bbpost_content\u00bb][et_pb_image src=\u00bbhttps:\/\/www.sedarauca.edu.co\/wp-content\/uploads\/2024\/12\/TodosAlCole03.jpg\u00bb _builder_version=\u00bb4.27.4&#8243; _module_preset=\u00bbdefault\u00bb theme_builder_area=\u00bbpost_content\u00bb title_text=\u00bbTodosAlCole03&#8243; hover_enabled=\u00bb0&#8243; sticky_enabled=\u00bb0&#8243;][\/et_pb_image][\/et_pb_column][et_pb_column _builder_version=\u00bb4.27.4&#8243; _module_preset=\u00bbdefault\u00bb type=\u00bb1_5&#8243; theme_builder_area=\u00bbpost_content\u00bb][\/et_pb_column][\/et_pb_row][et_pb_row _builder_version=\u00bb4.27.4&#8243; _module_preset=\u00bbdefault\u00bb theme_builder_area=\u00bbpost_content\u00bb][et_pb_column _builder_version=\u00bb4.27.4&#8243; _module_preset=\u00bbdefault\u00bb type=\u00bb4_4&#8243; theme_builder_area=\u00bbpost_content\u00bb][et_pb_text _builder_version=\u00bb4.27.4&#8243; _module_preset=\u00bbdefault\u00bb theme_builder_area=\u00bbpost_content\u00bb hover_enabled=\u00bb0&#8243; sticky_enabled=\u00bb0&#8243;]<\/p>\n<p style=\"text-align: justify;\">\u00abLa asignaci\u00f3n de recursos est\u00e1 directamente relacionada con la cantidad de estudiantes matriculados. Si logramos aumentar este n\u00famero, el giro de recursos por parte del Ministerio de Educaci\u00f3n tambi\u00e9n ser\u00e1 mayor. Sin embargo, si disminuye la matr\u00edcula, se reduce proporcionalmente el financiamiento. Por eso es fundamental que todos nos comprometamos con esta causa\u00bb, explic\u00f3 Pedraza.<\/p>\n<p style=\"text-align: justify;\">Para garantizar el acceso y la permanencia en el sistema educativo, la Secretar\u00eda de Educaci\u00f3n Departamental tiene listas estrategias como el Programa de Alimentaci\u00f3n Escolar (PAE), el Transporte Escolar Rural y las Residencias Escolares, que estar\u00e1n disponibles desde el primer d\u00eda de clases. Adem\u00e1s, se implementan iniciativas para mejorar la calidad educativa, como la integraci\u00f3n de tecnolog\u00edas de la informaci\u00f3n y la comunicaci\u00f3n (TIC), programas de biling\u00fcismo, el Programa de Tutor\u00edas para el Aprendizaje y la Formaci\u00f3n Integral, entre otros.<\/p>\n<p>[\/et_pb_text][\/et_pb_column][\/et_pb_row][et_pb_row _builder_version=\u00bb4.27.4&#8243; _module_preset=\u00bbdefault\u00bb column_structure=\u00bb1_5,3_5,1_5&#8243; theme_builder_area=\u00bbpost_content\u00bb][et_pb_column _builder_version=\u00bb4.27.4&#8243; _module_preset=\u00bbdefault\u00bb type=\u00bb1_5&#8243; theme_builder_area=\u00bbpost_content\u00bb][\/et_pb_column][et_pb_column _builder_version=\u00bb4.27.4&#8243; _module_preset=\u00bbdefault\u00bb type=\u00bb3_5&#8243; theme_builder_area=\u00bbpost_content\u00bb][et_pb_video src=\u00bbhttps:\/\/youtu.be\/82s5k5ksD6U\u00bb _builder_version=\u00bb4.27.4&#8243; _module_preset=\u00bbdefault\u00bb theme_builder_area=\u00bbpost_content\u00bb border_radii=\u00bbon|30px|30px|30px|30px\u00bb hover_enabled=\u00bb0&#8243; sticky_enabled=\u00bb0&#8243;][\/et_pb_video][\/et_pb_column][et_pb_column _builder_version=\u00bb4.27.4&#8243; _module_preset=\u00bbdefault\u00bb type=\u00bb1_5&#8243; theme_builder_area=\u00bbpost_content\u00bb][\/et_pb_column][\/et_pb_row][et_pb_row _builder_version=\u00bb4.27.4&#8243; _module_preset=\u00bbdefault\u00bb theme_builder_area=\u00bbpost_content\u00bb][et_pb_column _builder_version=\u00bb4.27.4&#8243; _module_preset=\u00bbdefault\u00bb type=\u00bb4_4&#8243; theme_builder_area=\u00bbpost_content\u00bb][et_pb_text _builder_version=\u00bb4.27.4&#8243; _module_preset=\u00bbdefault\u00bb theme_builder_area=\u00bbpost_content\u00bb hover_enabled=\u00bb0&#8243; sticky_enabled=\u00bb0&#8243;]<\/p>\n<p style=\"text-align: justify;\">Reducir el \u00edndice de deserci\u00f3n escolar, que en 2023 fue del 5,06%, es una de las metas principales del gobierno departamental. Por ello, el Secretario de Educaci\u00f3n invit\u00f3 a toda la comunidad a apoyar esta campa\u00f1a, \u201cInvitamos a los padres de familia y acudientes a inscribir a sus hijos en las instituciones educativas oficiales. La educaci\u00f3n es esencial para transformar vidas y construir un Arauca mejor. Con su apoyo, lograremos que, en 2025, nuestros ni\u00f1os vayan \u00a1Todos al Cole!\u00bb, se\u00f1al\u00f3 Pedraza.<br \/>Las matr\u00edculas incluyen los grados jard\u00edn y transici\u00f3n en preescolar; primero a quinto en b\u00e1sica primaria; sexto a noveno en b\u00e1sica secundaria; d\u00e9cimo y und\u00e9cimo en educaci\u00f3n media; y ciclos I a IV para la educaci\u00f3n formal de adultos.<\/p>\n<p style=\"text-align: justify;\">Los interesados pueden acercarse al colegio oficial m\u00e1s cercano para formalizar el proceso y asegurar que sus hijos comiencen clases el pr\u00f3ximo 20 de enero en un entorno que fomente el aprendizaje y el bienestar. Esta iniciativa reafirma el compromiso del departamento de Arauca con el desarrollo social, garantizando oportunidades educativas para todos\u00a0sus\u00a0habitantes.<\/p>\n<p>[\/et_pb_text][\/et_pb_column][\/et_pb_row][\/et_pb_section]<\/p>\n","protected":false},"excerpt":{"rendered":"<p>Seg\u00fan lo establecido en la Resoluci\u00f3n No. 3628 de 2024, las clases comenzar\u00e1n el 20 de enero de 2025. El prop\u00f3sito es que padres de familia y ni\u00f1os y adolescentes interioricen el impacto de la educaci\u00f3n en sus vidas y matriculen a sus hijos. Arauca, 13 de diciembre de 2024. Las instituciones educativas oficiales del [&hellip;]<\/p>\n","protected":false},"author":1,"featured_media":10054,"comment_status":"closed","ping_status":"closed","sticky":false,"template":"","format":"standard","meta":{"_et_pb_use_builder":"on","_et_pb_old_content":"","_et_gb_content_width":"","footnotes":""},"categories":[6],"tags":[],"class_list":["post-10053","post","type-post","status-publish","format-standard","has-post-thumbnail","hentry","category-noticias"],"_links":{"self":[{"href":"https:\/\/www.sedarauca.edu.co\/index.php\/wp-json\/wp\/v2\/posts\/10053","targetHints":{"allow":["GET"]}}],"collection":[{"href":"https:\/\/www.sedarauca.edu.co\/index.php\/wp-json\/wp\/v2\/posts"}],"about":[{"href":"https:\/\/www.sedarauca.edu.co\/index.php\/wp-json\/wp\/v2\/types\/post"}],"author":[{"embeddable":true,"href":"https:\/\/www.sedarauca.edu.co\/index.php\/wp-json\/wp\/v2\/users\/1"}],"replies":[{"embeddable":true,"href":"https:\/\/www.sedarauca.edu.co\/index.php\/wp-json\/wp\/v2\/comments?post=10053"}],"version-history":[{"count":3,"href":"https:\/\/www.sedarauca.edu.co\/index.php\/wp-json\/wp\/v2\/posts\/10053\/revisions"}],"predecessor-version":[{"id":10060,"href":"https:\/\/www.sedarauca.edu.co\/index.php\/wp-json\/wp\/v2\/posts\/10053\/revisions\/10060"}],"wp:featuredmedia":[{"embeddable":true,"href":"https:\/\/www.sedarauca.edu.co\/index.php\/wp-json\/wp\/v2\/media\/10054"}],"wp:attachment":[{"href":"https:\/\/www.sedarauca.edu.co\/index.php\/wp-json\/wp\/v2\/media?parent=10053"}],"wp:term":[{"taxonomy":"category","embeddable":true,"href":"https:\/\/www.sedarauca.edu.co\/index.php\/wp-json\/wp\/v2\/categories?post=10053"},{"taxonomy":"post_tag","embeddable":true,"href":"https:\/\/www.sedarauca.edu.co\/index.php\/wp-json\/wp\/v2\/tags?post=10053"}],"curies":[{"name":"wp","href":"https:\/\/api.w.org\/{rel}","templated":true}]}}