{"id":10035,"date":"2024-12-11T19:38:00","date_gmt":"2024-12-12T00:38:00","guid":{"rendered":"https:\/\/www.sedarauca.edu.co\/?p=10035"},"modified":"2024-12-12T15:42:53","modified_gmt":"2024-12-12T20:42:53","slug":"seguimos-reafirmando-nuestro-compromiso-con-la-educacion-indigena-del-departamento","status":"publish","type":"post","link":"https:\/\/www.sedarauca.edu.co\/index.php\/2024\/12\/11\/seguimos-reafirmando-nuestro-compromiso-con-la-educacion-indigena-del-departamento\/","title":{"rendered":"Seguimos reafirmando nuestro compromiso con la educaci\u00f3n ind\u00edgena del Departamento"},"content":{"rendered":"<p>[et_pb_section fb_built=\u00bb1&#8243; theme_builder_area=\u00bbpost_content\u00bb _builder_version=\u00bb4.27.4&#8243; _module_preset=\u00bbdefault\u00bb][et_pb_row _builder_version=\u00bb4.27.4&#8243; _module_preset=\u00bbdefault\u00bb theme_builder_area=\u00bbpost_content\u00bb][et_pb_column _builder_version=\u00bb4.27.4&#8243; _module_preset=\u00bbdefault\u00bb type=\u00bb4_4&#8243; theme_builder_area=\u00bbpost_content\u00bb][et_pb_text _builder_version=\u00bb4.27.4&#8243; _module_preset=\u00bbdefault\u00bb theme_builder_area=\u00bbpost_content\u00bb custom_margin=\u00bb-20px||||false|false\u00bb hover_enabled=\u00bb0&#8243; sticky_enabled=\u00bb0&#8243;]<\/p>\n<p style=\"text-align: justify;\"><strong>Arauca, 11 de diciembre de 2024.<\/strong> El secretario de Educaci\u00f3n Departamental, Ariel Pedraza Pinz\u00f3n, en representaci\u00f3n del gobierno departamental, particip\u00f3 en la asamblea de autoridades de la Naci\u00f3n U\u2019wa. Este encuentro tuvo lugar en la comunidad Playas del Bojab\u00e1, territorio ancestral, y cont\u00f3 con la presencia de la Asociaci\u00f3n de Cabildos y Autoridades Tradicionales Ind\u00edgenas del Departamento de Arauca (ASCATIDAR).<\/p>\n<p style=\"text-align: justify;\">Durante el evento, ASCATIDAR present\u00f3 oficialmente el documento Si\u00fcjinkub Karit Siw\u00efn Ita Shawa, una resignificaci\u00f3n del Proyecto Educativo Comunitario (PEC) desde la perspectiva de la educaci\u00f3n ind\u00edgena propia. Este logro cumple con los objetivos establecidos en el contrato CO1.PCCNTR.6839127 de 2024, suscrito con el Ministerio de Educaci\u00f3n Nacional, destacando la importancia de adaptar los procesos educativos a las necesidades y valores de las comunidades ind\u00edgenas.<\/p>\n<p>[\/et_pb_text][\/et_pb_column][\/et_pb_row][et_pb_row _builder_version=\u00bb4.27.4&#8243; _module_preset=\u00bbdefault\u00bb column_structure=\u00bb1_5,3_5,1_5&#8243; theme_builder_area=\u00bbpost_content\u00bb][et_pb_column _builder_version=\u00bb4.27.4&#8243; _module_preset=\u00bbdefault\u00bb type=\u00bb1_5&#8243; theme_builder_area=\u00bbpost_content\u00bb][\/et_pb_column][et_pb_column _builder_version=\u00bb4.27.4&#8243; _module_preset=\u00bbdefault\u00bb type=\u00bb3_5&#8243; theme_builder_area=\u00bbpost_content\u00bb][et_pb_image src=\u00bbhttps:\/\/www.sedarauca.edu.co\/wp-content\/uploads\/2024\/12\/compromiso-con-la-educacion-indigena02.jpg\u00bb _builder_version=\u00bb4.27.4&#8243; _module_preset=\u00bbdefault\u00bb theme_builder_area=\u00bbpost_content\u00bb title_text=\u00bbcompromiso con la educaci\u00f3n ind\u00edgena02&#8243; hover_enabled=\u00bb0&#8243; sticky_enabled=\u00bb0&#8243;][\/et_pb_image][\/et_pb_column][et_pb_column _builder_version=\u00bb4.27.4&#8243; _module_preset=\u00bbdefault\u00bb type=\u00bb1_5&#8243; theme_builder_area=\u00bbpost_content\u00bb][\/et_pb_column][\/et_pb_row][et_pb_row _builder_version=\u00bb4.27.4&#8243; _module_preset=\u00bbdefault\u00bb theme_builder_area=\u00bbpost_content\u00bb][et_pb_column _builder_version=\u00bb4.27.4&#8243; _module_preset=\u00bbdefault\u00bb type=\u00bb4_4&#8243; theme_builder_area=\u00bbpost_content\u00bb][et_pb_text _builder_version=\u00bb4.27.4&#8243; _module_preset=\u00bbdefault\u00bb theme_builder_area=\u00bbpost_content\u00bb hover_enabled=\u00bb0&#8243; sticky_enabled=\u00bb0&#8243;]<\/p>\n<p style=\"text-align: justify;\">En su intervenci\u00f3n, el Secretario de Educaci\u00f3n reafirm\u00f3 el compromiso del gobierno departamental liderado por el ingeniero Renson Mart\u00ednez de continuar apoyando el desarrollo de la educaci\u00f3n ind\u00edgena, en el marco del Sistema Educativo Ind\u00edgena Propio (SEIP), protocolizado en septiembre de 2024. Este esfuerzo refleja la intenci\u00f3n de garantizar una educaci\u00f3n pertinente y de calidad, fundamentada en los principios de respeto y preservaci\u00f3n de la identidad cultural de los pueblos ind\u00edgenas.<\/p>\n<p style=\"text-align: justify;\">Adem\u00e1s, el funcionario anunci\u00f3 que el Centro Educativo Ind\u00edgena U\u2019wa Tutukana Sinaika alcanz\u00f3 la categor\u00eda de Instituci\u00f3n Educativa, lo que permitir\u00e1 la implementaci\u00f3n de los grados d\u00e9cimo y und\u00e9cimo a partir del a\u00f1o 2025. Tambi\u00e9n inform\u00f3 sobre la vinculaci\u00f3n de nuevos educadores, una medida clave para asegurar la continuidad y el fortalecimiento de los procesos formativos en la regi\u00f3n.<\/p>\n<p style=\"text-align: justify;\">El Gobierno Departamental reitera su compromiso con la educaci\u00f3n como herramienta para la preservaci\u00f3n cultural y el fortalecimiento de las comunidades ind\u00edgenas, contribuyendo al desarrollo integral del territorio y respetando la diversidad cultural que caracteriza al departamento\u00a0de\u00a0Arauca.<\/p>\n<p>[\/et_pb_text][\/et_pb_column][\/et_pb_row][\/et_pb_section]<\/p>\n","protected":false},"excerpt":{"rendered":"<p>Arauca, 11 de diciembre de 2024. El secretario de Educaci\u00f3n Departamental, Ariel Pedraza Pinz\u00f3n, en representaci\u00f3n del gobierno departamental, particip\u00f3 en la asamblea de autoridades de la Naci\u00f3n U\u2019wa. Este encuentro tuvo lugar en la comunidad Playas del Bojab\u00e1, territorio ancestral, y cont\u00f3 con la presencia de la Asociaci\u00f3n de Cabildos y Autoridades Tradicionales Ind\u00edgenas [&hellip;]<\/p>\n","protected":false},"author":1,"featured_media":10036,"comment_status":"closed","ping_status":"closed","sticky":false,"template":"","format":"standard","meta":{"_et_pb_use_builder":"on","_et_pb_old_content":"","_et_gb_content_width":"","footnotes":""},"categories":[21,6],"tags":[],"class_list":["post-10035","post","type-post","status-publish","format-standard","has-post-thumbnail","hentry","category-boletin","category-noticias"],"_links":{"self":[{"href":"https:\/\/www.sedarauca.edu.co\/index.php\/wp-json\/wp\/v2\/posts\/10035","targetHints":{"allow":["GET"]}}],"collection":[{"href":"https:\/\/www.sedarauca.edu.co\/index.php\/wp-json\/wp\/v2\/posts"}],"about":[{"href":"https:\/\/www.sedarauca.edu.co\/index.php\/wp-json\/wp\/v2\/types\/post"}],"author":[{"embeddable":true,"href":"https:\/\/www.sedarauca.edu.co\/index.php\/wp-json\/wp\/v2\/users\/1"}],"replies":[{"embeddable":true,"href":"https:\/\/www.sedarauca.edu.co\/index.php\/wp-json\/wp\/v2\/comments?post=10035"}],"version-history":[{"count":3,"href":"https:\/\/www.sedarauca.edu.co\/index.php\/wp-json\/wp\/v2\/posts\/10035\/revisions"}],"predecessor-version":[{"id":10040,"href":"https:\/\/www.sedarauca.edu.co\/index.php\/wp-json\/wp\/v2\/posts\/10035\/revisions\/10040"}],"wp:featuredmedia":[{"embeddable":true,"href":"https:\/\/www.sedarauca.edu.co\/index.php\/wp-json\/wp\/v2\/media\/10036"}],"wp:attachment":[{"href":"https:\/\/www.sedarauca.edu.co\/index.php\/wp-json\/wp\/v2\/media?parent=10035"}],"wp:term":[{"taxonomy":"category","embeddable":true,"href":"https:\/\/www.sedarauca.edu.co\/index.php\/wp-json\/wp\/v2\/categories?post=10035"},{"taxonomy":"post_tag","embeddable":true,"href":"https:\/\/www.sedarauca.edu.co\/index.php\/wp-json\/wp\/v2\/tags?post=10035"}],"curies":[{"name":"wp","href":"https:\/\/api.w.org\/{rel}","templated":true}]}}